{"id":122,"date":"2015-02-19T23:25:10","date_gmt":"2015-02-20T03:25:10","guid":{"rendered":"http:\/\/gadparroquialsanjuan.gob.ec\/azuay\/?p=122"},"modified":"2026-08-13T16:29:28","modified_gmt":"2026-08-13T20:29:28","slug":"historia-de-la-parroquia","status":"publish","type":"post","link":"https:\/\/mindo.gob.ec\/pichincha\/historia-de-la-parroquia\/","title":{"rendered":"Historia de la Parroquia"},"content":{"rendered":"<div class=\"elementor-element elementor-element-6be2087 elementor-widget elementor-widget-heading\" data-id=\"6be2087\" data-element_type=\"widget\" data-settings=\"{&quot;ekit_we_effect_on&quot;:&quot;none&quot;}\" data-widget_type=\"heading.default\">\n<div class=\"elementor-widget-container\">\n<h2 class=\"elementor-heading-title elementor-size-default\" style=\"text-align: center;\">Historia<\/h2>\n<\/div>\n<\/div>\n<div class=\"elementor-element elementor-element-80b5ab6 elementor-widget elementor-widget-text-editor\" data-id=\"80b5ab6\" data-element_type=\"widget\" data-settings=\"{&quot;ekit_we_effect_on&quot;:&quot;none&quot;}\" data-widget_type=\"text-editor.default\">\n<div class=\"elementor-widget-container\">\n<p>Mindo fue declarada como parroquia el 20 de mayo de 1861 en el gobierno de Gabriel Garc\u00eda Moreno. Estuvo constituido por asentamientos de Yumbo-Nigua. Los Yumbos fueron comerciantes y agricultores, siendo la conexi\u00f3n entre pueblos de la Costa y la Sierra, quienes por factores naturales y erupciones del Volc\u00e1n Pichincha. En 1.800 se conform\u00f3 el centro poblado con habitantes Esmeraldas, Carchi y Colombia, mismos que trabajaban en las haciendas del lugar; m\u00e1s adelante se registran datos de una Colonia de Austr\u00edacos que permanecieron poco tiempo en la zona.<\/p>\n<p><a href=\"https:\/\/mindo.gob.ec\/pichincha\/wp-content\/uploads\/2015\/02\/60875320_3002091589822645_2955344065547206656_n.jpg\"><img loading=\"lazy\" decoding=\"async\" class=\"alignleft size-full wp-image-3940\" src=\"https:\/\/mindo.gob.ec\/pichincha\/wp-content\/uploads\/2015\/02\/60875320_3002091589822645_2955344065547206656_n.jpg\" alt=\"\" width=\"960\" height=\"540\" srcset=\"https:\/\/mindo.gob.ec\/pichincha\/wp-content\/uploads\/2015\/02\/60875320_3002091589822645_2955344065547206656_n.jpg 960w, https:\/\/mindo.gob.ec\/pichincha\/wp-content\/uploads\/2015\/02\/60875320_3002091589822645_2955344065547206656_n-550x309.jpg 550w, https:\/\/mindo.gob.ec\/pichincha\/wp-content\/uploads\/2015\/02\/60875320_3002091589822645_2955344065547206656_n-768x432.jpg 768w\" sizes=\"auto, (max-width: 960px) 100vw, 960px\" \/><\/a><\/p>\n<p>&nbsp;<\/p>\n<\/div>\n<\/div>\n<div class=\"elementor-element elementor-element-e2229b7 elementor-widget elementor-widget-text-editor\" data-id=\"e2229b7\" data-element_type=\"widget\" data-settings=\"{&quot;ekit_we_effect_on&quot;:&quot;none&quot;}\" data-widget_type=\"text-editor.default\">\n<div class=\"elementor-widget-container\">\n<p>&nbsp;<\/p>\n<p>Las actividades econ\u00f3micas que se realizaban en aquellos tiempos eran: recolecci\u00f3n de caucho e incienso (se obten\u00eda de la resina), producci\u00f3n de almid\u00f3n de yuca, algod\u00f3n, aj\u00ed; Con la construcci\u00f3n de la carretera comenz\u00f3 la explotaci\u00f3n de las maderas finas, especialmente el cedro, cuya utilizaci\u00f3n tom\u00f3 especial auge, motivo por el cual realizaron una tala selectiva de bosques. Despu\u00e9s de la deforestaci\u00f3n empieza la actividad ganadera como principal fuente de ingresos. Para 1980 comenz\u00f3 una creciente la tala de \u00e1rboles end\u00e9micos. Es as\u00ed que nace la iniciativa de un grupo de habitantes para la conservaci\u00f3n de los recursos naturales. Con el fin de apoyar esta acci\u00f3n, las autoridades de turno y los habitantes desarrollaron actividades de conservaci\u00f3n, turismo y desarrollo local.<\/p>\n<p>&nbsp;<\/p>\n<\/div>\n<\/div>\n<section class=\"elementor-section elementor-inner-section elementor-element elementor-element-c5e733b elementor-section-boxed elementor-section-height-default elementor-section-height-default elementskit-parallax-multi-container\" data-id=\"c5e733b\" data-element_type=\"section\" data-settings=\"{&quot;ekit_has_onepagescroll_dot&quot;:&quot;yes&quot;}\">\n<div class=\"elementor-container elementor-column-gap-no\">\n<div class=\"elementor-column elementor-col-50 elementor-inner-column elementor-element elementor-element-563c5fc\" data-id=\"563c5fc\" data-element_type=\"column\">\n<div class=\"elementor-widget-wrap elementor-element-populated\">\n<div class=\"elementor-element elementor-element-cb4ef2b elementor-widget elementor-widget-image\" data-id=\"cb4ef2b\" data-element_type=\"widget\" data-settings=\"{&quot;ekit_we_effect_on&quot;:&quot;none&quot;}\" data-widget_type=\"image.default\">\n<div class=\"elementor-widget-container\"><img loading=\"lazy\" decoding=\"async\" class=\"attachment-large size-large wp-image-1168 aligncenter\" src=\"..\/wp-content\/uploads\/2023\/10\/Imagen56.jpg\" sizes=\"auto, (max-width: 323px) 100vw, 323px\" srcset=\"https:\/\/mindo.gob.ec\/wp-content\/uploads\/2023\/10\/Imagen56.jpg 323w, https:\/\/mindo.gob.ec\/wp-content\/uploads\/2023\/10\/Imagen56-300x207.jpg 300w\" alt=\"\" width=\"323\" height=\"223\" \/><\/div>\n<\/div>\n<\/div>\n<\/div>\n<\/div>\n<\/section>\n<div class=\"elementor-element elementor-element-2e6004b elementor-widget elementor-widget-text-editor\" data-id=\"2e6004b\" data-element_type=\"widget\" data-settings=\"{&quot;ekit_we_effect_on&quot;:&quot;none&quot;}\" data-widget_type=\"text-editor.default\">\n<div class=\"elementor-widget-container\">\n<p>Durante d\u00e9cadas, Mindo fue una comunidad rural dedicada principalmente a la agricultura, especialmente al cultivo de ca\u00f1a de az\u00facar, caf\u00e9, ma\u00edz y productos de pan coger. Este per\u00edodo consolid\u00f3 un modelo de vida comunitaria basado en la cooperaci\u00f3n y el respeto por la naturaleza, valores que con el tiempo se convertir\u00edan en la base del turismo responsable.<br \/>\nUn hito decisivo para la historia de Mindo ocurri\u00f3 en 1988, cuando el Estado ecuatoriano declar\u00f3 una parte importante de su territorio como Bosque Protector Mindo-Nambillo, reconocimiento que puso en evidencia<br \/>\nla excepcional biodiversidad de la zona. Este territorio, hoy conocido mundialmente, alberga cientos de especies de aves, mam\u00edferos, anfibios, orqu\u00eddeas y plantas end\u00e9micas, convirti\u00e9ndose en uno de los ecosistemas m\u00e1s valiosos del Ecuador y del planeta.<br \/>\nFue precisamente esta declaraci\u00f3n la que impuls\u00f3 el nacimiento del turismo ecol\u00f3gico y cient\u00edfico como una nueva vocaci\u00f3n econ\u00f3mica para la parroquia. Investigadores nacionales e internacionales comenzaron a visitar Mindo atra\u00eddos por su extraordinaria diversidad de aves y la presencia de rutas de conservaci\u00f3n biol\u00f3gica entre la Costa y la Sierra. Posteriormente, aficionados al aviturismo de todo el mundo encontraron en Mindo un santuario natural \u00fanico para observar especies emblem\u00e1ticas como el gallo de la pe\u00f1a, quetzales, tucanes y colibr\u00edes.<\/p>\n<p>En la d\u00e9cada de 1990, con la llegada de organizaciones ambientales, emprendedores locales y proyectos comunitarios, Mindo experiment\u00f3 una transformaci\u00f3n determinante: el turismo se consolid\u00f3 como su principal actividad econ\u00f3mica. Surgieron las primeras hoster\u00edas ecol\u00f3gicas, fincas tur\u00edsticas, centros de conservaci\u00f3n, operadoras de guiado y actividades de aventura adaptadas a entornos naturales como el tubing, canopy, senderismo y ciclismo de monta\u00f1a. Todo esto permiti\u00f3 un modelo de desarrollo basado en la sostenibilidad, la educaci\u00f3n ambiental y el<br \/>\nfortalecimiento de la identidad cultural.<\/p>\n<p>El reconocimiento internacional de Mindo se consolid\u00f3 a partir del Conteo Navide\u00f1o de Aves, realizado desde hace m\u00e1s de dos d\u00e9cadas y considerado uno de los m\u00e1s importantes del mundo. Este evento cient\u00edfico\u2013ciudadano<br \/>\nposicion\u00f3 a Mindo como un referente global del aviturismo, atrayendo cada a\u00f1o a especialistas, turistas y amantes de la naturaleza. Durante los \u00faltimos a\u00f1os, la parroquia ha fortalecido sus procesos de planificaci\u00f3n territorial, organizaci\u00f3n comunitaria y promoci\u00f3n tur\u00edstica, consolid\u00e1ndose como un destino que combina naturaleza, aventura,<br \/>\ngastronom\u00eda, cultura local y educaci\u00f3n ambiental. El GAD Parroquial, junto con actores comunitarios y privados, ha trabajado en la conservaci\u00f3n del bosque protector, la mejora de la conectividad vial, la puesta en valor del patrimonio natural y el impulso de emprendimientos sostenibles.<\/p>\n<p>Hoy, Mindo es reconocido como uno de los destinos tur\u00edsticos ecol\u00f3gicos m\u00e1s importantes del Ecuador, un modelo de manejo responsable del territorio y un punto de encuentro para investigadores, turistas nacionales e internacionales, deportistas de aventura y defensores de la naturaleza. Su historia demuestra c\u00f3mo una comunidad peque\u00f1a, rodeada de bosques nublados y atravesada por r\u00edos cristalinos, logr\u00f3 transformar su patrimonio natural en una oportunidad de desarrollo, sin perder su esencia comunitaria ni su compromiso con la conservaci\u00f3n.<\/p>\n<p>&nbsp;<\/p>\n<p>&nbsp;<\/p>\n<\/div>\n<\/div>\n<div class=\"elementor-element elementor-element-35c0ac9 elementor-widget elementor-widget-text-editor\" data-id=\"35c0ac9\" data-element_type=\"widget\" data-settings=\"{&quot;ekit_we_effect_on&quot;:&quot;none&quot;}\" data-widget_type=\"text-editor.default\">\n<div class=\"elementor-widget-container\">\n<p><strong>Hitos hist\u00f3ricos de la parroquia.<\/strong><\/p>\n<\/div>\n<\/div>\n<div class=\"elementor-element elementor-element-728946a elementor-widget elementor-widget-image\" data-id=\"728946a\" data-element_type=\"widget\" data-settings=\"{&quot;ekit_we_effect_on&quot;:&quot;none&quot;}\" data-widget_type=\"image.default\">\n<div class=\"elementor-widget-container\"><img loading=\"lazy\" decoding=\"async\" class=\"attachment-large alignnone wp-image-1172 size-large\" src=\"..\/wp-content\/uploads\/2023\/10\/Imagen59.png\" alt=\"\" width=\"605\" height=\"476\" \/><\/div>\n<\/div>\n<section class=\"elementor-section elementor-inner-section elementor-element elementor-element-e707173 elementor-section-boxed elementor-section-height-default elementor-section-height-default elementskit-parallax-multi-container\" data-id=\"e707173\" data-element_type=\"section\" data-settings=\"{&quot;ekit_has_onepagescroll_dot&quot;:&quot;yes&quot;}\">\n<div class=\"elementor-container elementor-column-gap-no\">\n<div class=\"elementor-column elementor-col-50 elementor-inner-column elementor-element elementor-element-17d3617\" data-id=\"17d3617\" data-element_type=\"column\">\n<div class=\"elementor-widget-wrap elementor-element-populated\">\n<div class=\"elementor-element elementor-element-fd8bf81 elementor-widget elementor-widget-image\" data-id=\"fd8bf81\" data-element_type=\"widget\" data-settings=\"{&quot;ekit_we_effect_on&quot;:&quot;none&quot;}\" data-widget_type=\"image.default\">\n<div class=\"elementor-widget-container\"><img loading=\"lazy\" decoding=\"async\" class=\"attachment-large size-large wp-image-1173\" src=\"..\/wp-content\/uploads\/2023\/10\/Imagen61.jpg\" sizes=\"auto, (max-width: 745px) 100vw, 745px\" srcset=\"https:\/\/mindo.gob.ec\/wp-content\/uploads\/2023\/10\/Imagen61.jpg 745w, https:\/\/mindo.gob.ec\/wp-content\/uploads\/2023\/10\/Imagen61-300x209.jpg 300w\" alt=\"\" width=\"745\" height=\"519\" \/><\/div>\n<\/div>\n<\/div>\n<\/div>\n<div class=\"elementor-column elementor-col-50 elementor-inner-column elementor-element elementor-element-00f517d\" data-id=\"00f517d\" data-element_type=\"column\">\n<div class=\"elementor-widget-wrap elementor-element-populated\">\n<div class=\"elementor-element elementor-element-e368a23 elementor-widget elementor-widget-image\" data-id=\"e368a23\" data-element_type=\"widget\" data-settings=\"{&quot;ekit_we_effect_on&quot;:&quot;none&quot;}\" data-widget_type=\"image.default\">\n<div class=\"elementor-widget-container\"><img loading=\"lazy\" decoding=\"async\" class=\"attachment-large alignnone wp-image-1174 size-large\" src=\"..\/wp-content\/uploads\/2023\/10\/Imagen60.jpg\" alt=\"\" width=\"731\" height=\"518\" \/><\/div>\n<\/div>\n<\/div>\n<\/div>\n<\/div>\n<\/section>\n","protected":false},"excerpt":{"rendered":"<p>Historia Mindo fue declarada como parroquia el 20 de mayo de 1861 en el gobierno de Gabriel Garc\u00eda Moreno. Estuvo constituido por asentamientos de Yumbo-Nigua. Los Yumbos fueron comerciantes y agricultores, siendo la conexi\u00f3n entre pueblos de la Costa y la Sierra, quienes por factores naturales y erupciones del Volc\u00e1n Pichincha. En 1.800 se conform\u00f3 [&hellip;]<\/p>\n","protected":false},"author":4,"featured_media":0,"comment_status":"closed","ping_status":"closed","sticky":false,"template":"","format":"standard","meta":{"footnotes":""},"categories":[1],"tags":[],"class_list":["post-122","post","type-post","status-publish","format-standard","hentry","category-sin-categoria"],"yoast_head":"<!-- This site is optimized with the Yoast SEO plugin v20.3 - https:\/\/yoast.com\/wordpress\/plugins\/seo\/ -->\n<title>Historia de la Parroquia - GAD Parroquial de Mindo<\/title>\n<meta name=\"robots\" content=\"index, follow, max-snippet:-1, max-image-preview:large, max-video-preview:-1\" \/>\n<link rel=\"canonical\" href=\"https:\/\/mindo.gob.ec\/pichincha\/historia-de-la-parroquia\/\" \/>\n<meta property=\"og:locale\" content=\"es_ES\" \/>\n<meta property=\"og:type\" content=\"article\" \/>\n<meta property=\"og:title\" content=\"Historia de la Parroquia - GAD Parroquial de Mindo\" \/>\n<meta property=\"og:description\" content=\"Historia Mindo fue declarada como parroquia el 20 de mayo de 1861 en el gobierno de Gabriel Garc\u00eda Moreno. Estuvo constituido por asentamientos de Yumbo-Nigua. Los Yumbos fueron comerciantes y agricultores, siendo la conexi\u00f3n entre pueblos de la Costa y la Sierra, quienes por factores naturales y erupciones del Volc\u00e1n Pichincha. En 1.800 se conform\u00f3 [&hellip;]\" \/>\n<meta property=\"og:url\" content=\"https:\/\/mindo.gob.ec\/pichincha\/historia-de-la-parroquia\/\" \/>\n<meta property=\"og:site_name\" content=\"GAD Parroquial de Mindo\" \/>\n<meta property=\"article:published_time\" content=\"2015-02-20T03:25:10+00:00\" \/>\n<meta property=\"article:modified_time\" content=\"2026-08-13T20:29:28+00:00\" \/>\n<meta property=\"og:image\" content=\"https:\/\/mindo.gob.ec\/pichincha\/wp-content\/uploads\/2015\/02\/60875320_3002091589822645_2955344065547206656_n.jpg\" \/>\n<meta name=\"author\" content=\"amindo\" \/>\n<meta name=\"twitter:card\" content=\"summary_large_image\" \/>\n<meta name=\"twitter:label1\" content=\"Escrito por\" \/>\n\t<meta name=\"twitter:data1\" content=\"amindo\" \/>\n\t<meta name=\"twitter:label2\" content=\"Tiempo de lectura\" \/>\n\t<meta name=\"twitter:data2\" content=\"5 minutos\" \/>\n<script type=\"application\/ld+json\" class=\"yoast-schema-graph\">{\"@context\":\"https:\/\/schema.org\",\"@graph\":[{\"@type\":\"Article\",\"@id\":\"https:\/\/mindo.gob.ec\/pichincha\/historia-de-la-parroquia\/#article\",\"isPartOf\":{\"@id\":\"https:\/\/mindo.gob.ec\/pichincha\/historia-de-la-parroquia\/\"},\"author\":{\"name\":\"amindo\",\"@id\":\"https:\/\/mindo.gob.ec\/pichincha\/#\/schema\/person\/9394ba4b25d90eed85d3e15afe3416c8\"},\"headline\":\"Historia de la Parroquia\",\"datePublished\":\"2015-02-20T03:25:10+00:00\",\"dateModified\":\"2026-08-13T20:29:28+00:00\",\"mainEntityOfPage\":{\"@id\":\"https:\/\/mindo.gob.ec\/pichincha\/historia-de-la-parroquia\/\"},\"wordCount\":778,\"publisher\":{\"@id\":\"https:\/\/mindo.gob.ec\/pichincha\/#organization\"},\"inLanguage\":\"es\"},{\"@type\":\"WebPage\",\"@id\":\"https:\/\/mindo.gob.ec\/pichincha\/historia-de-la-parroquia\/\",\"url\":\"https:\/\/mindo.gob.ec\/pichincha\/historia-de-la-parroquia\/\",\"name\":\"Historia de la Parroquia - GAD Parroquial de Mindo\",\"isPartOf\":{\"@id\":\"https:\/\/mindo.gob.ec\/pichincha\/#website\"},\"datePublished\":\"2015-02-20T03:25:10+00:00\",\"dateModified\":\"2026-08-13T20:29:28+00:00\",\"breadcrumb\":{\"@id\":\"https:\/\/mindo.gob.ec\/pichincha\/historia-de-la-parroquia\/#breadcrumb\"},\"inLanguage\":\"es\",\"potentialAction\":[{\"@type\":\"ReadAction\",\"target\":[\"https:\/\/mindo.gob.ec\/pichincha\/historia-de-la-parroquia\/\"]}]},{\"@type\":\"BreadcrumbList\",\"@id\":\"https:\/\/mindo.gob.ec\/pichincha\/historia-de-la-parroquia\/#breadcrumb\",\"itemListElement\":[{\"@type\":\"ListItem\",\"position\":1,\"name\":\"Home\",\"item\":\"https:\/\/mindo.gob.ec\/pichincha\/\"},{\"@type\":\"ListItem\",\"position\":2,\"name\":\"Historia de la Parroquia\"}]},{\"@type\":\"WebSite\",\"@id\":\"https:\/\/mindo.gob.ec\/pichincha\/#website\",\"url\":\"https:\/\/mindo.gob.ec\/pichincha\/\",\"name\":\"GAD Parroquial de Mindo\",\"description\":\"Sitio Oficial del GAD Mindo\",\"publisher\":{\"@id\":\"https:\/\/mindo.gob.ec\/pichincha\/#organization\"},\"potentialAction\":[{\"@type\":\"SearchAction\",\"target\":{\"@type\":\"EntryPoint\",\"urlTemplate\":\"https:\/\/mindo.gob.ec\/pichincha\/?s={search_term_string}\"},\"query-input\":\"required name=search_term_string\"}],\"inLanguage\":\"es\"},{\"@type\":\"Organization\",\"@id\":\"https:\/\/mindo.gob.ec\/pichincha\/#organization\",\"name\":\"GAD Parroquial de Mindo\",\"url\":\"https:\/\/mindo.gob.ec\/pichincha\/\",\"logo\":{\"@type\":\"ImageObject\",\"inLanguage\":\"es\",\"@id\":\"https:\/\/mindo.gob.ec\/pichincha\/#\/schema\/logo\/image\/\",\"url\":\"https:\/\/mindo.gob.ec\/pichincha\/wp-content\/uploads\/2020\/06\/82518307_162686865005447_4669087998640390144_o.jpg\",\"contentUrl\":\"https:\/\/mindo.gob.ec\/pichincha\/wp-content\/uploads\/2020\/06\/82518307_162686865005447_4669087998640390144_o.jpg\",\"width\":960,\"height\":960,\"caption\":\"GAD Parroquial de Mindo\"},\"image\":{\"@id\":\"https:\/\/mindo.gob.ec\/pichincha\/#\/schema\/logo\/image\/\"}},{\"@type\":\"Person\",\"@id\":\"https:\/\/mindo.gob.ec\/pichincha\/#\/schema\/person\/9394ba4b25d90eed85d3e15afe3416c8\",\"name\":\"amindo\",\"image\":{\"@type\":\"ImageObject\",\"inLanguage\":\"es\",\"@id\":\"https:\/\/mindo.gob.ec\/pichincha\/#\/schema\/person\/image\/\",\"url\":\"https:\/\/secure.gravatar.com\/avatar\/b7ceb8d4252728c0b1d1cd3b9cad0763b9c634e606648daa884e5ee6d60d6ebc?s=96&d=mm&r=g\",\"contentUrl\":\"https:\/\/secure.gravatar.com\/avatar\/b7ceb8d4252728c0b1d1cd3b9cad0763b9c634e606648daa884e5ee6d60d6ebc?s=96&d=mm&r=g\",\"caption\":\"amindo\"},\"url\":\"https:\/\/mindo.gob.ec\/pichincha\/author\/amindo\/\"}]}<\/script>\n<!-- \/ Yoast SEO plugin. -->","yoast_head_json":{"title":"Historia de la Parroquia - GAD Parroquial de Mindo","robots":{"index":"index","follow":"follow","max-snippet":"max-snippet:-1","max-image-preview":"max-image-preview:large","max-video-preview":"max-video-preview:-1"},"canonical":"https:\/\/mindo.gob.ec\/pichincha\/historia-de-la-parroquia\/","og_locale":"es_ES","og_type":"article","og_title":"Historia de la Parroquia - GAD Parroquial de Mindo","og_description":"Historia Mindo fue declarada como parroquia el 20 de mayo de 1861 en el gobierno de Gabriel Garc\u00eda Moreno. Estuvo constituido por asentamientos de Yumbo-Nigua. Los Yumbos fueron comerciantes y agricultores, siendo la conexi\u00f3n entre pueblos de la Costa y la Sierra, quienes por factores naturales y erupciones del Volc\u00e1n Pichincha. En 1.800 se conform\u00f3 [&hellip;]","og_url":"https:\/\/mindo.gob.ec\/pichincha\/historia-de-la-parroquia\/","og_site_name":"GAD Parroquial de Mindo","article_published_time":"2015-02-20T03:25:10+00:00","article_modified_time":"2026-08-13T20:29:28+00:00","og_image":[{"url":"https:\/\/mindo.gob.ec\/pichincha\/wp-content\/uploads\/2015\/02\/60875320_3002091589822645_2955344065547206656_n.jpg"}],"author":"amindo","twitter_card":"summary_large_image","twitter_misc":{"Escrito por":"amindo","Tiempo de lectura":"5 minutos"},"schema":{"@context":"https:\/\/schema.org","@graph":[{"@type":"Article","@id":"https:\/\/mindo.gob.ec\/pichincha\/historia-de-la-parroquia\/#article","isPartOf":{"@id":"https:\/\/mindo.gob.ec\/pichincha\/historia-de-la-parroquia\/"},"author":{"name":"amindo","@id":"https:\/\/mindo.gob.ec\/pichincha\/#\/schema\/person\/9394ba4b25d90eed85d3e15afe3416c8"},"headline":"Historia de la Parroquia","datePublished":"2015-02-20T03:25:10+00:00","dateModified":"2026-08-13T20:29:28+00:00","mainEntityOfPage":{"@id":"https:\/\/mindo.gob.ec\/pichincha\/historia-de-la-parroquia\/"},"wordCount":778,"publisher":{"@id":"https:\/\/mindo.gob.ec\/pichincha\/#organization"},"inLanguage":"es"},{"@type":"WebPage","@id":"https:\/\/mindo.gob.ec\/pichincha\/historia-de-la-parroquia\/","url":"https:\/\/mindo.gob.ec\/pichincha\/historia-de-la-parroquia\/","name":"Historia de la Parroquia - GAD Parroquial de Mindo","isPartOf":{"@id":"https:\/\/mindo.gob.ec\/pichincha\/#website"},"datePublished":"2015-02-20T03:25:10+00:00","dateModified":"2026-08-13T20:29:28+00:00","breadcrumb":{"@id":"https:\/\/mindo.gob.ec\/pichincha\/historia-de-la-parroquia\/#breadcrumb"},"inLanguage":"es","potentialAction":[{"@type":"ReadAction","target":["https:\/\/mindo.gob.ec\/pichincha\/historia-de-la-parroquia\/"]}]},{"@type":"BreadcrumbList","@id":"https:\/\/mindo.gob.ec\/pichincha\/historia-de-la-parroquia\/#breadcrumb","itemListElement":[{"@type":"ListItem","position":1,"name":"Home","item":"https:\/\/mindo.gob.ec\/pichincha\/"},{"@type":"ListItem","position":2,"name":"Historia de la Parroquia"}]},{"@type":"WebSite","@id":"https:\/\/mindo.gob.ec\/pichincha\/#website","url":"https:\/\/mindo.gob.ec\/pichincha\/","name":"GAD Parroquial de Mindo","description":"Sitio Oficial del GAD Mindo","publisher":{"@id":"https:\/\/mindo.gob.ec\/pichincha\/#organization"},"potentialAction":[{"@type":"SearchAction","target":{"@type":"EntryPoint","urlTemplate":"https:\/\/mindo.gob.ec\/pichincha\/?s={search_term_string}"},"query-input":"required name=search_term_string"}],"inLanguage":"es"},{"@type":"Organization","@id":"https:\/\/mindo.gob.ec\/pichincha\/#organization","name":"GAD Parroquial de Mindo","url":"https:\/\/mindo.gob.ec\/pichincha\/","logo":{"@type":"ImageObject","inLanguage":"es","@id":"https:\/\/mindo.gob.ec\/pichincha\/#\/schema\/logo\/image\/","url":"https:\/\/mindo.gob.ec\/pichincha\/wp-content\/uploads\/2020\/06\/82518307_162686865005447_4669087998640390144_o.jpg","contentUrl":"https:\/\/mindo.gob.ec\/pichincha\/wp-content\/uploads\/2020\/06\/82518307_162686865005447_4669087998640390144_o.jpg","width":960,"height":960,"caption":"GAD Parroquial de Mindo"},"image":{"@id":"https:\/\/mindo.gob.ec\/pichincha\/#\/schema\/logo\/image\/"}},{"@type":"Person","@id":"https:\/\/mindo.gob.ec\/pichincha\/#\/schema\/person\/9394ba4b25d90eed85d3e15afe3416c8","name":"amindo","image":{"@type":"ImageObject","inLanguage":"es","@id":"https:\/\/mindo.gob.ec\/pichincha\/#\/schema\/person\/image\/","url":"https:\/\/secure.gravatar.com\/avatar\/b7ceb8d4252728c0b1d1cd3b9cad0763b9c634e606648daa884e5ee6d60d6ebc?s=96&d=mm&r=g","contentUrl":"https:\/\/secure.gravatar.com\/avatar\/b7ceb8d4252728c0b1d1cd3b9cad0763b9c634e606648daa884e5ee6d60d6ebc?s=96&d=mm&r=g","caption":"amindo"},"url":"https:\/\/mindo.gob.ec\/pichincha\/author\/amindo\/"}]}},"_links":{"self":[{"href":"https:\/\/mindo.gob.ec\/pichincha\/wp-json\/wp\/v2\/posts\/122","targetHints":{"allow":["GET"]}}],"collection":[{"href":"https:\/\/mindo.gob.ec\/pichincha\/wp-json\/wp\/v2\/posts"}],"about":[{"href":"https:\/\/mindo.gob.ec\/pichincha\/wp-json\/wp\/v2\/types\/post"}],"author":[{"embeddable":true,"href":"https:\/\/mindo.gob.ec\/pichincha\/wp-json\/wp\/v2\/users\/4"}],"replies":[{"embeddable":true,"href":"https:\/\/mindo.gob.ec\/pichincha\/wp-json\/wp\/v2\/comments?post=122"}],"version-history":[{"count":15,"href":"https:\/\/mindo.gob.ec\/pichincha\/wp-json\/wp\/v2\/posts\/122\/revisions"}],"predecessor-version":[{"id":4131,"href":"https:\/\/mindo.gob.ec\/pichincha\/wp-json\/wp\/v2\/posts\/122\/revisions\/4131"}],"wp:attachment":[{"href":"https:\/\/mindo.gob.ec\/pichincha\/wp-json\/wp\/v2\/media?parent=122"}],"wp:term":[{"taxonomy":"category","embeddable":true,"href":"https:\/\/mindo.gob.ec\/pichincha\/wp-json\/wp\/v2\/categories?post=122"},{"taxonomy":"post_tag","embeddable":true,"href":"https:\/\/mindo.gob.ec\/pichincha\/wp-json\/wp\/v2\/tags?post=122"}],"curies":[{"name":"wp","href":"https:\/\/api.w.org\/{rel}","templated":true}]}}