{"id":126,"date":"2015-02-19T23:25:44","date_gmt":"2015-02-20T03:25:44","guid":{"rendered":"http:\/\/gadparroquialsanjuan.gob.ec\/azuay\/?p=126"},"modified":"2025-10-29T08:43:43","modified_gmt":"2025-10-29T12:43:43","slug":"produccion","status":"publish","type":"post","link":"https:\/\/mindo.gob.ec\/pichincha\/produccion\/","title":{"rendered":"Producci\u00f3n Importante"},"content":{"rendered":"<div class=\"elementor-column elementor-col-33 elementor-inner-column elementor-element elementor-element-58c2896\" data-id=\"58c2896\" data-element_type=\"column\">\n<div class=\"elementor-widget-wrap elementor-element-populated\">\n<div class=\"elementor-element elementor-element-6be2087 elementor-widget elementor-widget-heading\" data-id=\"6be2087\" data-element_type=\"widget\" data-settings=\"{&quot;ekit_we_effect_on&quot;:&quot;none&quot;}\" data-widget_type=\"heading.default\">\n<div class=\"elementor-widget-container\">\n<h2 class=\"elementor-heading-title elementor-size-default\" style=\"text-align: center;\">Producci\u00f3n Importante<\/h2>\n<\/div>\n<\/div>\n<div class=\"elementor-element elementor-element-80b5ab6 elementor-widget elementor-widget-text-editor\" data-id=\"80b5ab6\" data-element_type=\"widget\" data-settings=\"{&quot;ekit_we_effect_on&quot;:&quot;none&quot;}\" data-widget_type=\"text-editor.default\">\n<div class=\"elementor-widget-container\">\n<p>Las principales actividades productivas son en funci\u00f3n al Sector Terciario. Puesto que, representa un 30,49 % relativo del total de las actividades rentables. De este resultado se destacan: alojamiento y servicios de comidas (17,31%) y actividades se servicios administrativos y de apoyo (13,18%).<\/p>\n<p><img loading=\"lazy\" decoding=\"async\" class=\"aligncenter wp-image-1706 size-full\" src=\"..\/wp-content\/uploads\/2023\/10\/produc-1.jpg\" sizes=\"auto, (max-width: 646px) 100vw, 646px\" srcset=\"https:\/\/mindo.gob.ec\/wp-content\/uploads\/2023\/10\/produc-1.jpg 646w, https:\/\/mindo.gob.ec\/wp-content\/uploads\/2023\/10\/produc-1-300x114.jpg 300w\" alt=\"\" width=\"646\" height=\"246\" \/><\/p>\n<\/div>\n<\/div>\n<div class=\"elementor-element elementor-element-e2229b7 elementor-widget elementor-widget-text-editor\" data-id=\"e2229b7\" data-element_type=\"widget\" data-settings=\"{&quot;ekit_we_effect_on&quot;:&quot;none&quot;}\" data-widget_type=\"text-editor.default\">\n<div class=\"elementor-widget-container\">\n<p>Posterior a esto se destaca el Sector Primario con un 27,48% que representa a las labores agr\u00edcolas y ganaderas. El turismo y la ganader\u00eda han moldeado la din\u00e1mica econ\u00f3mica productiva de la poblaci\u00f3n, por lo cual ser\u00e1 necesario profundizar en el an\u00e1lisis de esta actividad econ\u00f3mica, complementando con un apartado sobre actividades que permitan generar ingresos rurales agrarias y prestaci\u00f3n de servicios.<\/p>\n<\/div>\n<\/div>\n<div class=\"elementor-element elementor-element-d984966 elementor-widget elementor-widget-image\" data-id=\"d984966\" data-element_type=\"widget\" data-settings=\"{&quot;ekit_we_effect_on&quot;:&quot;none&quot;}\" data-widget_type=\"image.default\">\n<div class=\"elementor-widget-container\"><img loading=\"lazy\" decoding=\"async\" class=\"attachment-large size-large wp-image-1190\" src=\"..\/wp-content\/uploads\/2023\/10\/Imagen64-1024x388.jpg\" sizes=\"auto, (max-width: 1024px) 100vw, 1024px\" srcset=\"https:\/\/mindo.gob.ec\/wp-content\/uploads\/2023\/10\/Imagen64-1024x388.jpg 1024w, https:\/\/mindo.gob.ec\/wp-content\/uploads\/2023\/10\/Imagen64-300x114.jpg 300w, https:\/\/mindo.gob.ec\/wp-content\/uploads\/2023\/10\/Imagen64-768x291.jpg 768w, https:\/\/mindo.gob.ec\/wp-content\/uploads\/2023\/10\/Imagen64.jpg 1489w\" alt=\"\" width=\"1024\" height=\"388\" \/><\/div>\n<\/div>\n<div class=\"elementor-element elementor-element-2e6004b elementor-widget elementor-widget-text-editor\" data-id=\"2e6004b\" data-element_type=\"widget\" data-settings=\"{&quot;ekit_we_effect_on&quot;:&quot;none&quot;}\" data-widget_type=\"text-editor.default\">\n<div class=\"elementor-widget-container\">\n<p><strong>ACTIVIDADES AGRICOLAS GANADERAS.<\/strong><\/p>\n<p>El territorio de Mindo seg\u00fan los usos de suelo, est\u00e1 conformado por: bosques naturales con el 67,43%, que constituyen bosques del Choco Andino Ecuador (bosque protector Mindo Nambillo, Cuenca Alta del R\u00edo Guayllabamba); 22,14% para uso agropecuario; 7,96% uso forestal con uso agropecuario; 1,34% uso agropecuario-forestal; 0,08% uso forestal-agropecuario, 0,62% \u00e1rea urbana y; 0,43% r\u00edos.<\/p>\n<p><img loading=\"lazy\" decoding=\"async\" class=\"aligncenter wp-image-1707 size-full\" src=\"..\/wp-content\/uploads\/2023\/10\/produc-2.jpg\" sizes=\"auto, (max-width: 650px) 100vw, 650px\" srcset=\"https:\/\/mindo.gob.ec\/wp-content\/uploads\/2023\/10\/produc-2.jpg 650w, https:\/\/mindo.gob.ec\/wp-content\/uploads\/2023\/10\/produc-2-300x102.jpg 300w\" alt=\"\" width=\"650\" height=\"221\" \/><\/p>\n<\/div>\n<\/div>\n<div class=\"elementor-element elementor-element-35c0ac9 elementor-widget elementor-widget-text-editor\" data-id=\"35c0ac9\" data-element_type=\"widget\" data-settings=\"{&quot;ekit_we_effect_on&quot;:&quot;none&quot;}\" data-widget_type=\"text-editor.default\">\n<div class=\"elementor-widget-container\">\n<p>Del 100% del espacio habitable m\u00e1s del 90% est\u00e1 destinado a actividades agro productivas y tur\u00edsticas 10% del restante es la zona urbana\/residencial. De las estad\u00edsticas obtenidas del Ministerio de Agricultura se ha identificado un hist\u00f3rico en la existencia de ganado ovino, al 2019 en Mindo exist\u00edan 184 reses, distribuidas de la siguiente manera.<\/p>\n<p><img loading=\"lazy\" decoding=\"async\" class=\"aligncenter wp-image-1708 size-full\" src=\"..\/wp-content\/uploads\/2023\/10\/produc-3.jpg\" sizes=\"auto, (max-width: 649px) 100vw, 649px\" srcset=\"https:\/\/mindo.gob.ec\/wp-content\/uploads\/2023\/10\/produc-3.jpg 649w, https:\/\/mindo.gob.ec\/wp-content\/uploads\/2023\/10\/produc-3-300x100.jpg 300w\" alt=\"\" width=\"649\" height=\"217\" \/><\/p>\n<\/div>\n<\/div>\n<div class=\"elementor-element elementor-element-8ad7f94 elementor-widget elementor-widget-text-editor\" data-id=\"8ad7f94\" data-element_type=\"widget\" data-settings=\"{&quot;ekit_we_effect_on&quot;:&quot;none&quot;}\" data-widget_type=\"text-editor.default\">\n<div class=\"elementor-widget-container\">\n<p>En la parroquia existen bosques naturales, que constituyen los \u00faltimos remanentes de bosques del Choco Andino Ecuador y son parte del bosque protector Mindo Nambillo, Cuenca Alta del R\u00edo Guayllabamba; hacia el occidente existe otra franja de bosques naturales con cultivos y luego est\u00e1n los cultivos en las zonas m\u00e1s bajas. En la parte alta predomina el pastoreo de ganado.<\/p>\n<p><img loading=\"lazy\" decoding=\"async\" class=\"aligncenter wp-image-1712 size-full\" src=\"..\/wp-content\/uploads\/2023\/10\/produc-4.jpg\" sizes=\"auto, (max-width: 648px) 100vw, 648px\" srcset=\"https:\/\/mindo.gob.ec\/wp-content\/uploads\/2023\/10\/produc-4.jpg 648w, https:\/\/mindo.gob.ec\/wp-content\/uploads\/2023\/10\/produc-4-300x106.jpg 300w\" alt=\"\" width=\"648\" height=\"230\" \/><\/p>\n<\/div>\n<\/div>\n<div class=\"elementor-element elementor-element-866dc53 elementor-widget elementor-widget-text-editor\" data-id=\"866dc53\" data-element_type=\"widget\" data-settings=\"{&quot;ekit_we_effect_on&quot;:&quot;none&quot;}\" data-widget_type=\"text-editor.default\">\n<div class=\"elementor-widget-container\">\n<p>En la zona de estribaciones de la cordillera, por la topograf\u00eda del suelo, predomina la cobertura boscosa y arbustiva; y conforme se desciende se observa asociaciones de pastos y cultivos; Hacia el sector occidental en la zona baja existen cultivos, pastizales y ganader\u00eda.<\/p>\n<p><img loading=\"lazy\" decoding=\"async\" class=\"aligncenter wp-image-1713 size-full\" src=\"..\/wp-content\/uploads\/2023\/10\/produc-5.jpg\" sizes=\"auto, (max-width: 648px) 100vw, 648px\" srcset=\"https:\/\/mindo.gob.ec\/wp-content\/uploads\/2023\/10\/produc-5.jpg 648w, https:\/\/mindo.gob.ec\/wp-content\/uploads\/2023\/10\/produc-5-300x110.jpg 300w\" alt=\"\" width=\"648\" height=\"237\" \/><\/p>\n<\/div>\n<\/div>\n<div class=\"elementor-element elementor-element-a522f1a elementor-widget elementor-widget-text-editor\" data-id=\"a522f1a\" data-element_type=\"widget\" data-settings=\"{&quot;ekit_we_effect_on&quot;:&quot;none&quot;}\" data-widget_type=\"text-editor.default\">\n<div class=\"elementor-widget-container\">\n<p>En la actualidad la mayor\u00eda de la poblaci\u00f3n se dedica al aprovechamiento de los recursos naturales, tales como r\u00edos, cascadas, flora y fauna, a trav\u00e9s de actividades tur\u00edsticas. Los dem\u00e1s se dedican a la ganader\u00eda y agricultura. Los productos de la zona son: yuca, pl\u00e1tano, verde, guaba, guayaba, pitahaya, araz\u00e1.<\/p>\n<\/div>\n<\/div>\n<section class=\"elementor-section elementor-inner-section elementor-element elementor-element-8285469 elementor-section-boxed elementor-section-height-default elementor-section-height-default elementskit-parallax-multi-container\" data-id=\"8285469\" data-element_type=\"section\" data-settings=\"{&quot;ekit_has_onepagescroll_dot&quot;:&quot;yes&quot;}\">\n<div class=\"elementor-container elementor-column-gap-no\">\n<div class=\"elementor-column elementor-col-50 elementor-inner-column elementor-element elementor-element-2fbd4ce\" data-id=\"2fbd4ce\" data-element_type=\"column\">\n<div class=\"elementor-widget-wrap elementor-element-populated\">\n<div class=\"elementor-element elementor-element-64ac2f9 elementor-widget elementor-widget-image\" data-id=\"64ac2f9\" data-element_type=\"widget\" data-settings=\"{&quot;ekit_we_effect_on&quot;:&quot;none&quot;}\" data-widget_type=\"image.default\">\n<div class=\"elementor-widget-container\"><img loading=\"lazy\" decoding=\"async\" class=\"attachment-large size-large wp-image-1199\" src=\"..\/wp-content\/uploads\/2023\/10\/Imagen74.jpg\" sizes=\"auto, (max-width: 735px) 100vw, 735px\" srcset=\"https:\/\/mindo.gob.ec\/wp-content\/uploads\/2023\/10\/Imagen74.jpg 735w, https:\/\/mindo.gob.ec\/wp-content\/uploads\/2023\/10\/Imagen74-300x209.jpg 300w\" alt=\"\" width=\"735\" height=\"513\" \/><\/div>\n<\/div>\n<\/div>\n<\/div>\n<div class=\"elementor-column elementor-col-50 elementor-inner-column elementor-element elementor-element-00e1749\" data-id=\"00e1749\" data-element_type=\"column\">\n<div class=\"elementor-widget-wrap elementor-element-populated\">\n<div class=\"elementor-element elementor-element-70374e2 elementor-widget elementor-widget-image\" data-id=\"70374e2\" data-element_type=\"widget\" data-settings=\"{&quot;ekit_we_effect_on&quot;:&quot;none&quot;}\" data-widget_type=\"image.default\">\n<div class=\"elementor-widget-container\"><img loading=\"lazy\" decoding=\"async\" class=\"attachment-large size-large wp-image-1200\" src=\"..\/wp-content\/uploads\/2023\/10\/Imagen73.png\" sizes=\"auto, (max-width: 325px) 100vw, 325px\" srcset=\"https:\/\/mindo.gob.ec\/wp-content\/uploads\/2023\/10\/Imagen73.png 325w, https:\/\/mindo.gob.ec\/wp-content\/uploads\/2023\/10\/Imagen73-300x207.png 300w\" alt=\"\" width=\"325\" height=\"224\" \/><\/div>\n<\/div>\n<\/div>\n<\/div>\n<\/div>\n<\/section>\n<div class=\"elementor-element elementor-element-3d9fd57 elementor-widget elementor-widget-text-editor\" data-id=\"3d9fd57\" data-element_type=\"widget\" data-settings=\"{&quot;ekit_we_effect_on&quot;:&quot;none&quot;}\" data-widget_type=\"text-editor.default\">\n<div class=\"elementor-widget-container\">\n<p>La poblaci\u00f3n econ\u00f3micamente activa de la parroquia se encuentra ocupada predominantemente en actividades de Agricultura, ganader\u00eda, silvicultura y pesca con 27,48%, Actividades de alojamiento y servicio de comidas con 17,31% y Actividades de servicios administrativos y de apoyo con un 13,18%.<\/p>\n<p><img loading=\"lazy\" decoding=\"async\" class=\"aligncenter wp-image-1717 size-full\" src=\"..\/wp-content\/uploads\/2023\/10\/produc-6.jpg\" sizes=\"auto, (max-width: 648px) 100vw, 648px\" srcset=\"https:\/\/mindo.gob.ec\/wp-content\/uploads\/2023\/10\/produc-6.jpg 648w, https:\/\/mindo.gob.ec\/wp-content\/uploads\/2023\/10\/produc-6-300x100.jpg 300w\" alt=\"\" width=\"648\" height=\"217\" \/><\/p>\n<\/div>\n<\/div>\n<div class=\"elementor-element elementor-element-27d277c elementor-widget elementor-widget-text-editor\" data-id=\"27d277c\" data-element_type=\"widget\" data-settings=\"{&quot;ekit_we_effect_on&quot;:&quot;none&quot;}\" data-widget_type=\"text-editor.default\">\n<div class=\"elementor-widget-container\">\n<p><strong>Actividades y Productos de la Parroquia.<\/strong><\/p>\n<\/div>\n<\/div>\n<div class=\"elementor-element elementor-element-15f5b6b elementor-widget elementor-widget-image\" data-id=\"15f5b6b\" data-element_type=\"widget\" data-settings=\"{&quot;ekit_we_effect_on&quot;:&quot;none&quot;}\" data-widget_type=\"image.default\">\n<div class=\"elementor-widget-container\"><img loading=\"lazy\" decoding=\"async\" class=\"attachment-large size-large wp-image-1203\" src=\"..\/wp-content\/uploads\/2023\/10\/Imagen77.png\" sizes=\"auto, (max-width: 541px) 100vw, 541px\" srcset=\"https:\/\/mindo.gob.ec\/wp-content\/uploads\/2023\/10\/Imagen77.png 541w, https:\/\/mindo.gob.ec\/wp-content\/uploads\/2023\/10\/Imagen77-300x60.png 300w\" alt=\"\" width=\"541\" height=\"109\" \/><\/div>\n<\/div>\n<div class=\"elementor-element elementor-element-5995b24 elementor-widget elementor-widget-image\" data-id=\"5995b24\" data-element_type=\"widget\" data-settings=\"{&quot;ekit_we_effect_on&quot;:&quot;none&quot;}\" data-widget_type=\"image.default\">\n<div class=\"elementor-widget-container\"><img loading=\"lazy\" decoding=\"async\" class=\"attachment-large size-large wp-image-1204\" src=\"..\/wp-content\/uploads\/2023\/10\/Imagen78.png\" sizes=\"auto, (max-width: 529px) 100vw, 529px\" srcset=\"https:\/\/mindo.gob.ec\/wp-content\/uploads\/2023\/10\/Imagen78.png 529w, https:\/\/mindo.gob.ec\/wp-content\/uploads\/2023\/10\/Imagen78-300x58.png 300w\" alt=\"\" width=\"529\" height=\"102\" \/><\/div>\n<\/div>\n<div class=\"elementor-element elementor-element-99b524f elementor-widget elementor-widget-image\" data-id=\"99b524f\" data-element_type=\"widget\" data-settings=\"{&quot;ekit_we_effect_on&quot;:&quot;none&quot;}\" data-widget_type=\"image.default\">\n<div class=\"elementor-widget-container\"><img loading=\"lazy\" decoding=\"async\" class=\"attachment-large size-large wp-image-1205\" src=\"..\/wp-content\/uploads\/2023\/10\/Imagen79.png\" sizes=\"auto, (max-width: 526px) 100vw, 526px\" srcset=\"https:\/\/mindo.gob.ec\/wp-content\/uploads\/2023\/10\/Imagen79.png 526w, https:\/\/mindo.gob.ec\/wp-content\/uploads\/2023\/10\/Imagen79-300x61.png 300w\" alt=\"\" width=\"526\" height=\"107\" \/><\/div>\n<\/div>\n<div class=\"elementor-element elementor-element-9df57ab elementor-widget elementor-widget-text-editor\" data-id=\"9df57ab\" data-element_type=\"widget\" data-settings=\"{&quot;ekit_we_effect_on&quot;:&quot;none&quot;}\" data-widget_type=\"text-editor.default\">\n<div class=\"elementor-widget-container\">\n<p><strong>Inventario Industria y Manufactura.<\/strong><\/p>\n<\/div>\n<\/div>\n<div class=\"elementor-element elementor-element-023e470 elementor-widget elementor-widget-image\" data-id=\"023e470\" data-element_type=\"widget\" data-settings=\"{&quot;ekit_we_effect_on&quot;:&quot;none&quot;}\" data-widget_type=\"image.default\">\n<div class=\"elementor-widget-container\"><img loading=\"lazy\" decoding=\"async\" class=\"attachment-large size-large wp-image-1207\" src=\"..\/wp-content\/uploads\/2023\/10\/Imagen80.png\" sizes=\"auto, (max-width: 530px) 100vw, 530px\" srcset=\"https:\/\/mindo.gob.ec\/wp-content\/uploads\/2023\/10\/Imagen80.png 530w, https:\/\/mindo.gob.ec\/wp-content\/uploads\/2023\/10\/Imagen80-300x59.png 300w\" alt=\"\" width=\"530\" height=\"105\" \/><\/div>\n<\/div>\n<section class=\"elementor-section elementor-inner-section elementor-element elementor-element-1ad19ed elementor-section-boxed elementor-section-height-default elementor-section-height-default elementskit-parallax-multi-container\" data-id=\"1ad19ed\" data-element_type=\"section\" data-settings=\"{&quot;ekit_has_onepagescroll_dot&quot;:&quot;yes&quot;}\">\n<div class=\"elementor-container elementor-column-gap-no\">\n<div class=\"elementor-column elementor-col-50 elementor-inner-column elementor-element elementor-element-6071680\" data-id=\"6071680\" data-element_type=\"column\">\n<div class=\"elementor-widget-wrap elementor-element-populated\">\n<div class=\"elementor-element elementor-element-c5d15b7 elementor-widget elementor-widget-image\" data-id=\"c5d15b7\" data-element_type=\"widget\" data-settings=\"{&quot;ekit_we_effect_on&quot;:&quot;none&quot;}\" data-widget_type=\"image.default\">\n<div class=\"elementor-widget-container\"><img loading=\"lazy\" decoding=\"async\" class=\"attachment-large size-large wp-image-1208\" src=\"..\/wp-content\/uploads\/2023\/10\/Imagen81.jpg\" sizes=\"auto, (max-width: 737px) 100vw, 737px\" srcset=\"https:\/\/mindo.gob.ec\/wp-content\/uploads\/2023\/10\/Imagen81.jpg 737w, https:\/\/mindo.gob.ec\/wp-content\/uploads\/2023\/10\/Imagen81-300x265.jpg 300w\" alt=\"\" width=\"737\" height=\"652\" \/><\/div>\n<\/div>\n<\/div>\n<\/div>\n<div class=\"elementor-column elementor-col-50 elementor-inner-column elementor-element elementor-element-6eedf19\" data-id=\"6eedf19\" data-element_type=\"column\">\n<div class=\"elementor-widget-wrap elementor-element-populated\">\n<div class=\"elementor-element elementor-element-c4361ad elementor-widget elementor-widget-image\" data-id=\"c4361ad\" data-element_type=\"widget\" data-settings=\"{&quot;ekit_we_effect_on&quot;:&quot;none&quot;}\" data-widget_type=\"image.default\">\n<div class=\"elementor-widget-container\"><img loading=\"lazy\" decoding=\"async\" class=\"attachment-large size-large wp-image-1206\" src=\"..\/wp-content\/uploads\/2023\/10\/Imagen82.jpg\" sizes=\"auto, (max-width: 737px) 100vw, 737px\" srcset=\"https:\/\/mindo.gob.ec\/wp-content\/uploads\/2023\/10\/Imagen82.jpg 737w, https:\/\/mindo.gob.ec\/wp-content\/uploads\/2023\/10\/Imagen82-300x265.jpg 300w\" alt=\"\" width=\"737\" height=\"651\" \/><\/div>\n<\/div>\n<\/div>\n<\/div>\n<\/div>\n<\/section>\n<\/div>\n<\/div>\n<div class=\"elementor-column elementor-col-33 elementor-inner-column elementor-element elementor-element-a6dc025\" data-id=\"a6dc025\" data-element_type=\"column\"><\/div>\n","protected":false},"excerpt":{"rendered":"<p>Producci\u00f3n Importante Las principales actividades productivas son en funci\u00f3n al Sector Terciario. Puesto que, representa un 30,49 % relativo del total de las actividades rentables. De este resultado se destacan: alojamiento y servicios de comidas (17,31%) y actividades se servicios administrativos y de apoyo (13,18%). Posterior a esto se destaca el Sector Primario con un [&hellip;]<\/p>\n","protected":false},"author":4,"featured_media":0,"comment_status":"closed","ping_status":"closed","sticky":false,"template":"","format":"standard","meta":{"footnotes":""},"categories":[1],"tags":[],"class_list":["post-126","post","type-post","status-publish","format-standard","hentry","category-sin-categoria"],"yoast_head":"<!-- This site is optimized with the Yoast SEO plugin v20.3 - https:\/\/yoast.com\/wordpress\/plugins\/seo\/ -->\n<title>Producci\u00f3n Importante - GAD Parroquial de Mindo<\/title>\n<meta name=\"robots\" content=\"index, follow, max-snippet:-1, max-image-preview:large, max-video-preview:-1\" \/>\n<link rel=\"canonical\" href=\"https:\/\/mindo.gob.ec\/pichincha\/produccion\/\" \/>\n<meta property=\"og:locale\" content=\"es_ES\" \/>\n<meta property=\"og:type\" content=\"article\" \/>\n<meta property=\"og:title\" content=\"Producci\u00f3n Importante - GAD Parroquial de Mindo\" \/>\n<meta property=\"og:description\" content=\"Producci\u00f3n Importante Las principales actividades productivas son en funci\u00f3n al Sector Terciario. Puesto que, representa un 30,49 % relativo del total de las actividades rentables. De este resultado se destacan: alojamiento y servicios de comidas (17,31%) y actividades se servicios administrativos y de apoyo (13,18%). Posterior a esto se destaca el Sector Primario con un [&hellip;]\" \/>\n<meta property=\"og:url\" content=\"https:\/\/mindo.gob.ec\/pichincha\/produccion\/\" \/>\n<meta property=\"og:site_name\" content=\"GAD Parroquial de Mindo\" \/>\n<meta property=\"article:published_time\" content=\"2015-02-20T03:25:44+00:00\" \/>\n<meta property=\"article:modified_time\" content=\"2025-10-29T12:43:43+00:00\" \/>\n<meta name=\"author\" content=\"amindo\" \/>\n<meta name=\"twitter:card\" content=\"summary_large_image\" \/>\n<meta name=\"twitter:label1\" content=\"Escrito por\" \/>\n\t<meta name=\"twitter:data1\" content=\"amindo\" \/>\n\t<meta name=\"twitter:label2\" content=\"Tiempo de lectura\" \/>\n\t<meta name=\"twitter:data2\" content=\"5 minutos\" \/>\n<script type=\"application\/ld+json\" class=\"yoast-schema-graph\">{\"@context\":\"https:\/\/schema.org\",\"@graph\":[{\"@type\":\"Article\",\"@id\":\"https:\/\/mindo.gob.ec\/pichincha\/produccion\/#article\",\"isPartOf\":{\"@id\":\"https:\/\/mindo.gob.ec\/pichincha\/produccion\/\"},\"author\":{\"name\":\"amindo\",\"@id\":\"https:\/\/mindo.gob.ec\/pichincha\/#\/schema\/person\/9394ba4b25d90eed85d3e15afe3416c8\"},\"headline\":\"Producci\u00f3n Importante\",\"datePublished\":\"2015-02-20T03:25:44+00:00\",\"dateModified\":\"2025-10-29T12:43:43+00:00\",\"mainEntityOfPage\":{\"@id\":\"https:\/\/mindo.gob.ec\/pichincha\/produccion\/\"},\"wordCount\":441,\"publisher\":{\"@id\":\"https:\/\/mindo.gob.ec\/pichincha\/#organization\"},\"inLanguage\":\"es\"},{\"@type\":\"WebPage\",\"@id\":\"https:\/\/mindo.gob.ec\/pichincha\/produccion\/\",\"url\":\"https:\/\/mindo.gob.ec\/pichincha\/produccion\/\",\"name\":\"Producci\u00f3n Importante - GAD Parroquial de Mindo\",\"isPartOf\":{\"@id\":\"https:\/\/mindo.gob.ec\/pichincha\/#website\"},\"datePublished\":\"2015-02-20T03:25:44+00:00\",\"dateModified\":\"2025-10-29T12:43:43+00:00\",\"breadcrumb\":{\"@id\":\"https:\/\/mindo.gob.ec\/pichincha\/produccion\/#breadcrumb\"},\"inLanguage\":\"es\",\"potentialAction\":[{\"@type\":\"ReadAction\",\"target\":[\"https:\/\/mindo.gob.ec\/pichincha\/produccion\/\"]}]},{\"@type\":\"BreadcrumbList\",\"@id\":\"https:\/\/mindo.gob.ec\/pichincha\/produccion\/#breadcrumb\",\"itemListElement\":[{\"@type\":\"ListItem\",\"position\":1,\"name\":\"Home\",\"item\":\"https:\/\/mindo.gob.ec\/pichincha\/\"},{\"@type\":\"ListItem\",\"position\":2,\"name\":\"Producci\u00f3n Importante\"}]},{\"@type\":\"WebSite\",\"@id\":\"https:\/\/mindo.gob.ec\/pichincha\/#website\",\"url\":\"https:\/\/mindo.gob.ec\/pichincha\/\",\"name\":\"GAD Parroquial de Mindo\",\"description\":\"Sitio Oficial del GAD Mindo\",\"publisher\":{\"@id\":\"https:\/\/mindo.gob.ec\/pichincha\/#organization\"},\"potentialAction\":[{\"@type\":\"SearchAction\",\"target\":{\"@type\":\"EntryPoint\",\"urlTemplate\":\"https:\/\/mindo.gob.ec\/pichincha\/?s={search_term_string}\"},\"query-input\":\"required name=search_term_string\"}],\"inLanguage\":\"es\"},{\"@type\":\"Organization\",\"@id\":\"https:\/\/mindo.gob.ec\/pichincha\/#organization\",\"name\":\"GAD Parroquial de Mindo\",\"url\":\"https:\/\/mindo.gob.ec\/pichincha\/\",\"logo\":{\"@type\":\"ImageObject\",\"inLanguage\":\"es\",\"@id\":\"https:\/\/mindo.gob.ec\/pichincha\/#\/schema\/logo\/image\/\",\"url\":\"https:\/\/mindo.gob.ec\/pichincha\/wp-content\/uploads\/2020\/06\/82518307_162686865005447_4669087998640390144_o.jpg\",\"contentUrl\":\"https:\/\/mindo.gob.ec\/pichincha\/wp-content\/uploads\/2020\/06\/82518307_162686865005447_4669087998640390144_o.jpg\",\"width\":960,\"height\":960,\"caption\":\"GAD Parroquial de Mindo\"},\"image\":{\"@id\":\"https:\/\/mindo.gob.ec\/pichincha\/#\/schema\/logo\/image\/\"}},{\"@type\":\"Person\",\"@id\":\"https:\/\/mindo.gob.ec\/pichincha\/#\/schema\/person\/9394ba4b25d90eed85d3e15afe3416c8\",\"name\":\"amindo\",\"image\":{\"@type\":\"ImageObject\",\"inLanguage\":\"es\",\"@id\":\"https:\/\/mindo.gob.ec\/pichincha\/#\/schema\/person\/image\/\",\"url\":\"https:\/\/secure.gravatar.com\/avatar\/b7ceb8d4252728c0b1d1cd3b9cad0763b9c634e606648daa884e5ee6d60d6ebc?s=96&d=mm&r=g\",\"contentUrl\":\"https:\/\/secure.gravatar.com\/avatar\/b7ceb8d4252728c0b1d1cd3b9cad0763b9c634e606648daa884e5ee6d60d6ebc?s=96&d=mm&r=g\",\"caption\":\"amindo\"},\"url\":\"https:\/\/mindo.gob.ec\/pichincha\/author\/amindo\/\"}]}<\/script>\n<!-- \/ Yoast SEO plugin. -->","yoast_head_json":{"title":"Producci\u00f3n Importante - GAD Parroquial de Mindo","robots":{"index":"index","follow":"follow","max-snippet":"max-snippet:-1","max-image-preview":"max-image-preview:large","max-video-preview":"max-video-preview:-1"},"canonical":"https:\/\/mindo.gob.ec\/pichincha\/produccion\/","og_locale":"es_ES","og_type":"article","og_title":"Producci\u00f3n Importante - GAD Parroquial de Mindo","og_description":"Producci\u00f3n Importante Las principales actividades productivas son en funci\u00f3n al Sector Terciario. Puesto que, representa un 30,49 % relativo del total de las actividades rentables. De este resultado se destacan: alojamiento y servicios de comidas (17,31%) y actividades se servicios administrativos y de apoyo (13,18%). Posterior a esto se destaca el Sector Primario con un [&hellip;]","og_url":"https:\/\/mindo.gob.ec\/pichincha\/produccion\/","og_site_name":"GAD Parroquial de Mindo","article_published_time":"2015-02-20T03:25:44+00:00","article_modified_time":"2025-10-29T12:43:43+00:00","author":"amindo","twitter_card":"summary_large_image","twitter_misc":{"Escrito por":"amindo","Tiempo de lectura":"5 minutos"},"schema":{"@context":"https:\/\/schema.org","@graph":[{"@type":"Article","@id":"https:\/\/mindo.gob.ec\/pichincha\/produccion\/#article","isPartOf":{"@id":"https:\/\/mindo.gob.ec\/pichincha\/produccion\/"},"author":{"name":"amindo","@id":"https:\/\/mindo.gob.ec\/pichincha\/#\/schema\/person\/9394ba4b25d90eed85d3e15afe3416c8"},"headline":"Producci\u00f3n Importante","datePublished":"2015-02-20T03:25:44+00:00","dateModified":"2025-10-29T12:43:43+00:00","mainEntityOfPage":{"@id":"https:\/\/mindo.gob.ec\/pichincha\/produccion\/"},"wordCount":441,"publisher":{"@id":"https:\/\/mindo.gob.ec\/pichincha\/#organization"},"inLanguage":"es"},{"@type":"WebPage","@id":"https:\/\/mindo.gob.ec\/pichincha\/produccion\/","url":"https:\/\/mindo.gob.ec\/pichincha\/produccion\/","name":"Producci\u00f3n Importante - GAD Parroquial de Mindo","isPartOf":{"@id":"https:\/\/mindo.gob.ec\/pichincha\/#website"},"datePublished":"2015-02-20T03:25:44+00:00","dateModified":"2025-10-29T12:43:43+00:00","breadcrumb":{"@id":"https:\/\/mindo.gob.ec\/pichincha\/produccion\/#breadcrumb"},"inLanguage":"es","potentialAction":[{"@type":"ReadAction","target":["https:\/\/mindo.gob.ec\/pichincha\/produccion\/"]}]},{"@type":"BreadcrumbList","@id":"https:\/\/mindo.gob.ec\/pichincha\/produccion\/#breadcrumb","itemListElement":[{"@type":"ListItem","position":1,"name":"Home","item":"https:\/\/mindo.gob.ec\/pichincha\/"},{"@type":"ListItem","position":2,"name":"Producci\u00f3n Importante"}]},{"@type":"WebSite","@id":"https:\/\/mindo.gob.ec\/pichincha\/#website","url":"https:\/\/mindo.gob.ec\/pichincha\/","name":"GAD Parroquial de Mindo","description":"Sitio Oficial del GAD Mindo","publisher":{"@id":"https:\/\/mindo.gob.ec\/pichincha\/#organization"},"potentialAction":[{"@type":"SearchAction","target":{"@type":"EntryPoint","urlTemplate":"https:\/\/mindo.gob.ec\/pichincha\/?s={search_term_string}"},"query-input":"required name=search_term_string"}],"inLanguage":"es"},{"@type":"Organization","@id":"https:\/\/mindo.gob.ec\/pichincha\/#organization","name":"GAD Parroquial de Mindo","url":"https:\/\/mindo.gob.ec\/pichincha\/","logo":{"@type":"ImageObject","inLanguage":"es","@id":"https:\/\/mindo.gob.ec\/pichincha\/#\/schema\/logo\/image\/","url":"https:\/\/mindo.gob.ec\/pichincha\/wp-content\/uploads\/2020\/06\/82518307_162686865005447_4669087998640390144_o.jpg","contentUrl":"https:\/\/mindo.gob.ec\/pichincha\/wp-content\/uploads\/2020\/06\/82518307_162686865005447_4669087998640390144_o.jpg","width":960,"height":960,"caption":"GAD Parroquial de Mindo"},"image":{"@id":"https:\/\/mindo.gob.ec\/pichincha\/#\/schema\/logo\/image\/"}},{"@type":"Person","@id":"https:\/\/mindo.gob.ec\/pichincha\/#\/schema\/person\/9394ba4b25d90eed85d3e15afe3416c8","name":"amindo","image":{"@type":"ImageObject","inLanguage":"es","@id":"https:\/\/mindo.gob.ec\/pichincha\/#\/schema\/person\/image\/","url":"https:\/\/secure.gravatar.com\/avatar\/b7ceb8d4252728c0b1d1cd3b9cad0763b9c634e606648daa884e5ee6d60d6ebc?s=96&d=mm&r=g","contentUrl":"https:\/\/secure.gravatar.com\/avatar\/b7ceb8d4252728c0b1d1cd3b9cad0763b9c634e606648daa884e5ee6d60d6ebc?s=96&d=mm&r=g","caption":"amindo"},"url":"https:\/\/mindo.gob.ec\/pichincha\/author\/amindo\/"}]}},"_links":{"self":[{"href":"https:\/\/mindo.gob.ec\/pichincha\/wp-json\/wp\/v2\/posts\/126","targetHints":{"allow":["GET"]}}],"collection":[{"href":"https:\/\/mindo.gob.ec\/pichincha\/wp-json\/wp\/v2\/posts"}],"about":[{"href":"https:\/\/mindo.gob.ec\/pichincha\/wp-json\/wp\/v2\/types\/post"}],"author":[{"embeddable":true,"href":"https:\/\/mindo.gob.ec\/pichincha\/wp-json\/wp\/v2\/users\/4"}],"replies":[{"embeddable":true,"href":"https:\/\/mindo.gob.ec\/pichincha\/wp-json\/wp\/v2\/comments?post=126"}],"version-history":[{"count":2,"href":"https:\/\/mindo.gob.ec\/pichincha\/wp-json\/wp\/v2\/posts\/126\/revisions"}],"predecessor-version":[{"id":2639,"href":"https:\/\/mindo.gob.ec\/pichincha\/wp-json\/wp\/v2\/posts\/126\/revisions\/2639"}],"wp:attachment":[{"href":"https:\/\/mindo.gob.ec\/pichincha\/wp-json\/wp\/v2\/media?parent=126"}],"wp:term":[{"taxonomy":"category","embeddable":true,"href":"https:\/\/mindo.gob.ec\/pichincha\/wp-json\/wp\/v2\/categories?post=126"},{"taxonomy":"post_tag","embeddable":true,"href":"https:\/\/mindo.gob.ec\/pichincha\/wp-json\/wp\/v2\/tags?post=126"}],"curies":[{"name":"wp","href":"https:\/\/api.w.org\/{rel}","templated":true}]}}