{"id":128,"date":"2015-02-19T23:26:03","date_gmt":"2015-02-20T03:26:03","guid":{"rendered":"http:\/\/gadparroquialsanjuan.gob.ec\/azuay\/?p=128"},"modified":"2025-10-29T08:48:44","modified_gmt":"2025-10-29T12:48:44","slug":"como-llegar","status":"publish","type":"post","link":"https:\/\/mindo.gob.ec\/pichincha\/como-llegar\/","title":{"rendered":"C\u00f3mo Llegar?"},"content":{"rendered":"<div class=\"elementor-element elementor-element-6be2087 elementor-widget elementor-widget-heading\" data-id=\"6be2087\" data-element_type=\"widget\" data-settings=\"{&quot;ekit_we_effect_on&quot;:&quot;none&quot;}\" data-widget_type=\"heading.default\">\n<div class=\"elementor-widget-container\">\n<h2 class=\"elementor-heading-title elementor-size-default\" style=\"text-align: center;\">C\u00f3mo Llegar?<\/h2>\n<\/div>\n<\/div>\n<div class=\"elementor-element elementor-element-80b5ab6 elementor-widget elementor-widget-text-editor\" data-id=\"80b5ab6\" data-element_type=\"widget\" data-settings=\"{&quot;ekit_we_effect_on&quot;:&quot;none&quot;}\" data-widget_type=\"text-editor.default\">\n<div class=\"elementor-widget-container\">\n<p>La parroquia se encuentra atravesada por la v\u00eda Calacal\u00ed \u2013 La Independencia, misma que facilita el tr\u00e1nsito de turistas nacionales y extranjeros; desde el intercambiador de Carapungo hasta la v\u00eda de ingreso a Mindo se encuentra a una distancia aproximada de 81 Km con un tiempo de viaje de 1 h 30 min, el ingreso al centro poblado es por la v\u00eda conocida como \u201cY\u201d de Mindo de carpeta asf\u00e1ltica, bidireccional, con un tiempo aproximado de 11 min. y una longitud de 7 Km.<\/p>\n<p><img loading=\"lazy\" decoding=\"async\" class=\"aligncenter wp-image-1727 size-full\" src=\"..\/wp-content\/uploads\/2023\/10\/colleg-1.jpg\" sizes=\"auto, (max-width: 648px) 100vw, 648px\" srcset=\"https:\/\/mindo.gob.ec\/wp-content\/uploads\/2023\/10\/colleg-1.jpg 648w, https:\/\/mindo.gob.ec\/wp-content\/uploads\/2023\/10\/colleg-1-300x104.jpg 300w\" alt=\"\" width=\"648\" height=\"224\" \/><\/p>\n<\/div>\n<\/div>\n<div class=\"elementor-element elementor-element-e2229b7 elementor-widget elementor-widget-text-editor\" data-id=\"e2229b7\" data-element_type=\"widget\" data-settings=\"{&quot;ekit_we_effect_on&quot;:&quot;none&quot;}\" data-widget_type=\"text-editor.default\">\n<div class=\"elementor-widget-container\">\n<p><strong>V\u00cdAS ALTERNAS DE INGRESO Y SALIDA<\/strong><\/p>\n<p>La Mindo no cuenta con v\u00edas alternas de ingreso y salida a la estatal E28, lo que dificulta la movilidad principalmente en las fechas con mayor afluencia de turistas, convirti\u00e9ndose uno de los problemas principales de la parroquia.<\/p>\n<p><img loading=\"lazy\" decoding=\"async\" class=\"aligncenter wp-image-1728 size-full\" src=\"..\/wp-content\/uploads\/2023\/10\/colleg-2.jpg\" sizes=\"auto, (max-width: 647px) 100vw, 647px\" srcset=\"https:\/\/mindo.gob.ec\/wp-content\/uploads\/2023\/10\/colleg-2.jpg 647w, https:\/\/mindo.gob.ec\/wp-content\/uploads\/2023\/10\/colleg-2-300x106.jpg 300w\" alt=\"\" width=\"647\" height=\"229\" \/><\/p>\n<\/div>\n<\/div>\n<div class=\"elementor-element elementor-element-2e6004b elementor-widget elementor-widget-text-editor\" data-id=\"2e6004b\" data-element_type=\"widget\" data-settings=\"{&quot;ekit_we_effect_on&quot;:&quot;none&quot;}\" data-widget_type=\"text-editor.default\">\n<div class=\"elementor-widget-container\">\n<p><strong>MOVILIDAD INTER-PARROQUIAL<\/strong><\/p>\n<p>La parroquia cuenta con v\u00edas internas que ameritan mantenimiento y se\u00f1alizaci\u00f3n adecuada para turistas nacionales y extranjeros, al igual que la v\u00eda principal las v\u00edas no soportan grandes flujos de tr\u00e1nsito, entre ellas tenemos: V\u00eda Nanegalito y la V\u00eda Nono.<\/p>\n<p><img loading=\"lazy\" decoding=\"async\" class=\"aligncenter wp-image-1732 size-full\" src=\"..\/wp-content\/uploads\/2023\/10\/colleg-3.jpg\" sizes=\"auto, (max-width: 647px) 100vw, 647px\" srcset=\"https:\/\/mindo.gob.ec\/wp-content\/uploads\/2023\/10\/colleg-3.jpg 647w, https:\/\/mindo.gob.ec\/wp-content\/uploads\/2023\/10\/colleg-3-300x93.jpg 300w\" alt=\"\" width=\"647\" height=\"200\" \/><\/p>\n<\/div>\n<\/div>\n<div class=\"elementor-element elementor-element-35c0ac9 elementor-widget elementor-widget-text-editor\" data-id=\"35c0ac9\" data-element_type=\"widget\" data-settings=\"{&quot;ekit_we_effect_on&quot;:&quot;none&quot;}\" data-widget_type=\"text-editor.default\">\n<div class=\"elementor-widget-container\">\n<p><strong>ESTADO DE V\u00cdAS PRINCIPALES DE CONECTIVIDAD<\/strong><\/p>\n<p>La vialidad de Mindo requiere de intervenci\u00f3n oportuna, considerando su actividad tur\u00edstica, dado que un 51% de las v\u00edas se encuentran con una cobertura de lastre o tierra, el 26% se encuentran adoquinadas, pavimentadas o de concreto, un 13% como caminos, senderos, chaqui\u00f1anes, y un 10% empedradas, evidenciando una marcada necesidad de adecuaci\u00f3n de las v\u00edas de la parroquia. Es importante se\u00f1alar es necesario implementar se\u00f1al\u00e9tica horizontal y vertical en las principales v\u00edas de la parroquia.<\/p>\n<\/div>\n<\/div>\n<div class=\"elementor-element elementor-element-d984966 elementor-widget elementor-widget-image\" data-id=\"d984966\" data-element_type=\"widget\" data-settings=\"{&quot;ekit_we_effect_on&quot;:&quot;none&quot;}\" data-widget_type=\"image.default\">\n<div class=\"elementor-widget-container\"><img loading=\"lazy\" decoding=\"async\" class=\"attachment-large size-large wp-image-1233\" src=\"..\/wp-content\/uploads\/2023\/10\/Imagen97-1024x359.jpg\" sizes=\"auto, (max-width: 1024px) 100vw, 1024px\" srcset=\"https:\/\/mindo.gob.ec\/wp-content\/uploads\/2023\/10\/Imagen97-1024x359.jpg 1024w, https:\/\/mindo.gob.ec\/wp-content\/uploads\/2023\/10\/Imagen97-300x105.jpg 300w, https:\/\/mindo.gob.ec\/wp-content\/uploads\/2023\/10\/Imagen97-768x269.jpg 768w, https:\/\/mindo.gob.ec\/wp-content\/uploads\/2023\/10\/Imagen97-1536x539.jpg 1536w, https:\/\/mindo.gob.ec\/wp-content\/uploads\/2023\/10\/Imagen97.jpg 2030w\" alt=\"\" width=\"1024\" height=\"359\" \/><\/div>\n<\/div>\n<div class=\"elementor-element elementor-element-8ad7f94 elementor-widget elementor-widget-text-editor\" data-id=\"8ad7f94\" data-element_type=\"widget\" data-settings=\"{&quot;ekit_we_effect_on&quot;:&quot;none&quot;}\" data-widget_type=\"text-editor.default\">\n<div class=\"elementor-widget-container\">\n<p><strong>Redes viales y de transporte<\/strong><\/p>\n<p>El ingreso a Mindo se lo realiza mediante un camino de desv\u00edo de 7 km de longitud desde la carretera Calacal\u00ed\u2013La Independencia. A pesar de ser la principal v\u00eda de acceso a la poblaci\u00f3n, esta se deteriora muy f\u00e1cilmente por lo que se necesita un mantenimiento peri\u00f3dico de la misma; tiene un problema particular y es que a lo largo de las v\u00edas los turistas que llegan con veh\u00edculos se estacionan en los costados, para realizar observaciones de aves y vegetaci\u00f3n propias de la zona, ocasionando riesgos a los turistas que transitan a pie y peligros con los otros veh\u00edculos que transitan por el lugar<\/p>\n<p><img loading=\"lazy\" decoding=\"async\" class=\"aligncenter wp-image-1736 size-full\" src=\"..\/wp-content\/uploads\/2023\/10\/colleg-4.jpg\" sizes=\"auto, (max-width: 647px) 100vw, 647px\" srcset=\"https:\/\/mindo.gob.ec\/wp-content\/uploads\/2023\/10\/colleg-4.jpg 647w, https:\/\/mindo.gob.ec\/wp-content\/uploads\/2023\/10\/colleg-4-300x106.jpg 300w\" alt=\"\" width=\"647\" height=\"229\" \/><\/p>\n<\/div>\n<\/div>\n<div class=\"elementor-element elementor-element-d25723c elementor-widget elementor-widget-text-editor\" data-id=\"d25723c\" data-element_type=\"widget\" data-settings=\"{&quot;ekit_we_effect_on&quot;:&quot;none&quot;}\" data-widget_type=\"text-editor.default\">\n<div class=\"elementor-widget-container\">\n<p><strong>Se\u00f1alizaci\u00f3n y Seguridad Vial<\/strong><\/p>\n<p>La se\u00f1alizaci\u00f3n en las v\u00edas de la parroquia es insuficiente, ya que la \u00fanica v\u00eda que cuenta con se\u00f1alizaci\u00f3n adecuada es la v\u00eda Calacal\u00ed \u2013 La Independencia, el resto de v\u00edas de la parroquia, carece de se\u00f1alizaci\u00f3n preventiva, informativa, etc. Las calles de la cabecera parroquial cuentan con nomenclatura y con se\u00f1ales de direcci\u00f3n vial.<\/p>\n<p><img loading=\"lazy\" decoding=\"async\" class=\"aligncenter wp-image-1737 size-full\" src=\"..\/wp-content\/uploads\/2023\/10\/colleg-5.jpg\" sizes=\"auto, (max-width: 650px) 100vw, 650px\" srcset=\"https:\/\/mindo.gob.ec\/wp-content\/uploads\/2023\/10\/colleg-5.jpg 650w, https:\/\/mindo.gob.ec\/wp-content\/uploads\/2023\/10\/colleg-5-300x93.jpg 300w\" alt=\"\" width=\"650\" height=\"202\" \/><\/p>\n<\/div>\n<\/div>\n<div class=\"elementor-element elementor-element-6e5bcbf elementor-widget elementor-widget-text-editor\" data-id=\"6e5bcbf\" data-element_type=\"widget\" data-settings=\"{&quot;ekit_we_effect_on&quot;:&quot;none&quot;}\" data-widget_type=\"text-editor.default\">\n<div class=\"elementor-widget-container\">\n<p><strong>Sistema de Transporte<\/strong><\/p>\n<p>Los medios de transporte utilizados para la entrada y salida de Mindo son: Servicios de transporte Compa\u00f1\u00eda Flor del Valle desde Mindo a Quito y viceversa, desde Mindo a Santo Domingo de los Colorados y viceversa Compa\u00f1\u00eda de Transporte Kennedy, que hacen sus recorridos todos los d\u00edas. Otro medio de transporte que los habitantes del sector facilitan, es la renta de camionetas para realizar tours hacia las cascadas y dem\u00e1s centros tur\u00edsticos que el poblado presenta.<\/p>\n<p>Independencia, el resto de v\u00edas de la parroquia, carece de se\u00f1alizaci\u00f3n preventiva, informativa, etc. Las calles de la cabecera parroquial cuentan con nomenclatura y con se\u00f1ales de direcci\u00f3n vial.<\/p>\n<\/div>\n<\/div>\n<div class=\"elementor-element elementor-element-15f5b6b elementor-widget elementor-widget-image\" data-id=\"15f5b6b\" data-element_type=\"widget\" data-settings=\"{&quot;ekit_we_effect_on&quot;:&quot;none&quot;}\" data-widget_type=\"image.default\">\n<div class=\"elementor-widget-container\"><img loading=\"lazy\" decoding=\"async\" class=\"attachment-large size-large wp-image-1238\" src=\"..\/wp-content\/uploads\/2023\/10\/Imagen102.jpg\" sizes=\"auto, (max-width: 650px) 100vw, 650px\" srcset=\"https:\/\/mindo.gob.ec\/wp-content\/uploads\/2023\/10\/Imagen102.jpg 650w, https:\/\/mindo.gob.ec\/wp-content\/uploads\/2023\/10\/Imagen102-300x108.jpg 300w\" alt=\"\" width=\"650\" height=\"235\" \/><\/div>\n<\/div>\n<div class=\"elementor-element elementor-element-0991ea0 elementor-widget elementor-widget-text-editor\" data-id=\"0991ea0\" data-element_type=\"widget\" data-settings=\"{&quot;ekit_we_effect_on&quot;:&quot;none&quot;}\" data-widget_type=\"text-editor.default\">\n<div class=\"elementor-widget-container\">\n<p>Hacia las \u00e1reas rurales el transporte tanto de pasajeros como de carga es irregular, generalmente se transportan aprovechando los carros \u201clecheros\u201c y depende tambi\u00e9n del estado de las v\u00edas, las mismas que se vuelven intransitables durante el invierno.<\/p>\n<p>La parroquia por su vocaci\u00f3n tur\u00edstica cuenta con dos compa\u00f1\u00edas de transporte masivo de pasajeros: Flor del Valle y Kennedy que cubren las siguientes rutas y frecuencias:<\/p>\n<p><img loading=\"lazy\" decoding=\"async\" class=\"aligncenter wp-image-1738 size-full\" src=\"..\/wp-content\/uploads\/2023\/10\/colleg-6.jpg\" sizes=\"auto, (max-width: 649px) 100vw, 649px\" srcset=\"https:\/\/mindo.gob.ec\/wp-content\/uploads\/2023\/10\/colleg-6.jpg 649w, https:\/\/mindo.gob.ec\/wp-content\/uploads\/2023\/10\/colleg-6-300x99.jpg 300w\" alt=\"\" width=\"649\" height=\"214\" \/><\/p>\n<\/div>\n<\/div>\n<div class=\"elementor-element elementor-element-5dd449d elementor-widget elementor-widget-text-editor\" data-id=\"5dd449d\" data-element_type=\"widget\" data-settings=\"{&quot;ekit_we_effect_on&quot;:&quot;none&quot;}\" data-widget_type=\"text-editor.default\">\n<div class=\"elementor-widget-container\">\n<p><strong>FLOR DEL VALLE: QUITO A MINDO<\/strong><\/p>\n<p>\uf0b7 Lunes-Viernes: 8 am, 9 am, 4 pm<\/p>\n<p>\uf0b7 S\u00e1bado: 7 am, 8 am, 9:20 am, 4 pm<\/p>\n<p>\uf0b7 Domingo y Feriado: 7:20 am, 8:20 am, 9:20 am, 2 pm, 5 pm<\/p>\n<p><strong>MINDO A QUITO:<\/strong><\/p>\n<p>\uf0b7 Lunes-Viernes: 6:30 am, 1:45 pm, 3 pm<\/p>\n<p>\uf0b7 S\u00e1bado: 6:30 am, 2 pm, 3:30 pm, 5 pm<\/p>\n<p>\uf0b7 Domingo y Feriado: 6:30 am, 2 pm, 3 pm, 4 pm, 5 pm<\/p>\n<p><strong>KENNEDY: MINDO \u2013 SANTO DOMINGO.<\/strong><\/p>\n<p>\uf0b7 Lunes \u2013 domingo: 06:30 am, 07:10 am 11:00 am, 01:00 pm, 05:00 pm.<\/p>\n<p><strong>SANTO DOMINGO \u2013 MINDO.<\/strong><\/p>\n<p>\uf0b7 Lunes \u2013 domingo: 06:00 am, 07:00 am, 09:00 am, 02:40 pm, 04:00 pm, 05:00 pm.<\/p>\n<p><strong>INDIRECTO.<\/strong><\/p>\n<p>De la terminal de Carcel\u00e9n hay buses m\u00e1s frecuentes que salen en direcci\u00f3n San Miguel de los Bancos o Esmeraldas. Puede tomar cualquier de estos buses hasta la la Y de Mindo. Algunas de las compa\u00f1\u00edas son Kennedy, Al\u00f3ag y San Pedrito.<\/p>\n<p><img loading=\"lazy\" decoding=\"async\" class=\"aligncenter wp-image-1742 size-full\" src=\"..\/wp-content\/uploads\/2023\/10\/colleg-7.jpg\" sizes=\"auto, (max-width: 647px) 100vw, 647px\" srcset=\"https:\/\/mindo.gob.ec\/wp-content\/uploads\/2023\/10\/colleg-7.jpg 647w, https:\/\/mindo.gob.ec\/wp-content\/uploads\/2023\/10\/colleg-7-300x111.jpg 300w\" alt=\"\" width=\"647\" height=\"240\" \/><\/p>\n<\/div>\n<\/div>\n<div class=\"elementor-element elementor-element-8eb211b elementor-widget elementor-widget-text-editor\" data-id=\"8eb211b\" data-element_type=\"widget\" data-settings=\"{&quot;ekit_we_effect_on&quot;:&quot;none&quot;}\" data-widget_type=\"text-editor.default\">\n<div class=\"elementor-widget-container\">\n<p>Todos los buses pasan por el mall y redondel del Condado en direcci\u00f3n \u00abMitad del Mundo\u00bb. Ah\u00ed tambi\u00e9n hay una parada pero no siempre hay asientos.<\/p>\n<p><img loading=\"lazy\" decoding=\"async\" class=\"aligncenter wp-image-1743 size-full\" src=\"..\/wp-content\/uploads\/2023\/10\/colleg-8.jpg\" sizes=\"auto, (max-width: 644px) 100vw, 644px\" srcset=\"https:\/\/mindo.gob.ec\/wp-content\/uploads\/2023\/10\/colleg-8.jpg 644w, https:\/\/mindo.gob.ec\/wp-content\/uploads\/2023\/10\/colleg-8-300x105.jpg 300w\" alt=\"\" width=\"644\" height=\"225\" \/><\/p>\n<\/div>\n<\/div>\n<div class=\"elementor-element elementor-element-8c99c5d elementor-widget elementor-widget-text-editor\" data-id=\"8c99c5d\" data-element_type=\"widget\" data-settings=\"{&quot;ekit_we_effect_on&quot;:&quot;none&quot;}\" data-widget_type=\"text-editor.default\">\n<div class=\"elementor-widget-container\">\n<p>En la \u00abY de Mindo\u00bb siempre hay taxis esperando los pasajeros de los buses y cuestan entre $ 3 por una carrera privada a $1 en una camioneta compartida.<\/p>\n<p><img loading=\"lazy\" decoding=\"async\" class=\"aligncenter wp-image-1744 size-full\" src=\"..\/wp-content\/uploads\/2023\/10\/colleg-9.jpg\" sizes=\"auto, (max-width: 642px) 100vw, 642px\" srcset=\"https:\/\/mindo.gob.ec\/wp-content\/uploads\/2023\/10\/colleg-9.jpg 642w, https:\/\/mindo.gob.ec\/wp-content\/uploads\/2023\/10\/colleg-9-300x103.jpg 300w\" alt=\"\" width=\"642\" height=\"221\" \/><\/p>\n<\/div>\n<\/div>\n","protected":false},"excerpt":{"rendered":"<p>C\u00f3mo Llegar? La parroquia se encuentra atravesada por la v\u00eda Calacal\u00ed \u2013 La Independencia, misma que facilita el tr\u00e1nsito de turistas nacionales y extranjeros; desde el intercambiador de Carapungo hasta la v\u00eda de ingreso a Mindo se encuentra a una distancia aproximada de 81 Km con un tiempo de viaje de 1 h 30 min, [&hellip;]<\/p>\n","protected":false},"author":4,"featured_media":0,"comment_status":"closed","ping_status":"closed","sticky":false,"template":"","format":"standard","meta":{"footnotes":""},"categories":[1],"tags":[],"class_list":["post-128","post","type-post","status-publish","format-standard","hentry","category-sin-categoria"],"yoast_head":"<!-- This site is optimized with the Yoast SEO plugin v20.3 - https:\/\/yoast.com\/wordpress\/plugins\/seo\/ -->\n<title>C\u00f3mo Llegar? - GAD Parroquial de Mindo<\/title>\n<meta name=\"robots\" content=\"index, follow, max-snippet:-1, max-image-preview:large, max-video-preview:-1\" \/>\n<link rel=\"canonical\" href=\"https:\/\/mindo.gob.ec\/pichincha\/como-llegar\/\" \/>\n<meta property=\"og:locale\" content=\"es_ES\" \/>\n<meta property=\"og:type\" content=\"article\" \/>\n<meta property=\"og:title\" content=\"C\u00f3mo Llegar? - GAD Parroquial de Mindo\" \/>\n<meta property=\"og:description\" content=\"C\u00f3mo Llegar? La parroquia se encuentra atravesada por la v\u00eda Calacal\u00ed \u2013 La Independencia, misma que facilita el tr\u00e1nsito de turistas nacionales y extranjeros; desde el intercambiador de Carapungo hasta la v\u00eda de ingreso a Mindo se encuentra a una distancia aproximada de 81 Km con un tiempo de viaje de 1 h 30 min, [&hellip;]\" \/>\n<meta property=\"og:url\" content=\"https:\/\/mindo.gob.ec\/pichincha\/como-llegar\/\" \/>\n<meta property=\"og:site_name\" content=\"GAD Parroquial de Mindo\" \/>\n<meta property=\"article:published_time\" content=\"2015-02-20T03:26:03+00:00\" \/>\n<meta property=\"article:modified_time\" content=\"2025-10-29T12:48:44+00:00\" \/>\n<meta name=\"author\" content=\"amindo\" \/>\n<meta name=\"twitter:card\" content=\"summary_large_image\" \/>\n<meta name=\"twitter:label1\" content=\"Escrito por\" \/>\n\t<meta name=\"twitter:data1\" content=\"amindo\" \/>\n\t<meta name=\"twitter:label2\" content=\"Tiempo de lectura\" \/>\n\t<meta name=\"twitter:data2\" content=\"6 minutos\" \/>\n<script type=\"application\/ld+json\" class=\"yoast-schema-graph\">{\"@context\":\"https:\/\/schema.org\",\"@graph\":[{\"@type\":\"Article\",\"@id\":\"https:\/\/mindo.gob.ec\/pichincha\/como-llegar\/#article\",\"isPartOf\":{\"@id\":\"https:\/\/mindo.gob.ec\/pichincha\/como-llegar\/\"},\"author\":{\"name\":\"amindo\",\"@id\":\"https:\/\/mindo.gob.ec\/pichincha\/#\/schema\/person\/9394ba4b25d90eed85d3e15afe3416c8\"},\"headline\":\"C\u00f3mo Llegar?\",\"datePublished\":\"2015-02-20T03:26:03+00:00\",\"dateModified\":\"2025-10-29T12:48:44+00:00\",\"mainEntityOfPage\":{\"@id\":\"https:\/\/mindo.gob.ec\/pichincha\/como-llegar\/\"},\"wordCount\":823,\"publisher\":{\"@id\":\"https:\/\/mindo.gob.ec\/pichincha\/#organization\"},\"inLanguage\":\"es\"},{\"@type\":\"WebPage\",\"@id\":\"https:\/\/mindo.gob.ec\/pichincha\/como-llegar\/\",\"url\":\"https:\/\/mindo.gob.ec\/pichincha\/como-llegar\/\",\"name\":\"C\u00f3mo Llegar? - GAD Parroquial de Mindo\",\"isPartOf\":{\"@id\":\"https:\/\/mindo.gob.ec\/pichincha\/#website\"},\"datePublished\":\"2015-02-20T03:26:03+00:00\",\"dateModified\":\"2025-10-29T12:48:44+00:00\",\"breadcrumb\":{\"@id\":\"https:\/\/mindo.gob.ec\/pichincha\/como-llegar\/#breadcrumb\"},\"inLanguage\":\"es\",\"potentialAction\":[{\"@type\":\"ReadAction\",\"target\":[\"https:\/\/mindo.gob.ec\/pichincha\/como-llegar\/\"]}]},{\"@type\":\"BreadcrumbList\",\"@id\":\"https:\/\/mindo.gob.ec\/pichincha\/como-llegar\/#breadcrumb\",\"itemListElement\":[{\"@type\":\"ListItem\",\"position\":1,\"name\":\"Home\",\"item\":\"https:\/\/mindo.gob.ec\/pichincha\/\"},{\"@type\":\"ListItem\",\"position\":2,\"name\":\"C\u00f3mo Llegar?\"}]},{\"@type\":\"WebSite\",\"@id\":\"https:\/\/mindo.gob.ec\/pichincha\/#website\",\"url\":\"https:\/\/mindo.gob.ec\/pichincha\/\",\"name\":\"GAD Parroquial de Mindo\",\"description\":\"Sitio Oficial del GAD Mindo\",\"publisher\":{\"@id\":\"https:\/\/mindo.gob.ec\/pichincha\/#organization\"},\"potentialAction\":[{\"@type\":\"SearchAction\",\"target\":{\"@type\":\"EntryPoint\",\"urlTemplate\":\"https:\/\/mindo.gob.ec\/pichincha\/?s={search_term_string}\"},\"query-input\":\"required name=search_term_string\"}],\"inLanguage\":\"es\"},{\"@type\":\"Organization\",\"@id\":\"https:\/\/mindo.gob.ec\/pichincha\/#organization\",\"name\":\"GAD Parroquial de Mindo\",\"url\":\"https:\/\/mindo.gob.ec\/pichincha\/\",\"logo\":{\"@type\":\"ImageObject\",\"inLanguage\":\"es\",\"@id\":\"https:\/\/mindo.gob.ec\/pichincha\/#\/schema\/logo\/image\/\",\"url\":\"https:\/\/mindo.gob.ec\/pichincha\/wp-content\/uploads\/2020\/06\/82518307_162686865005447_4669087998640390144_o.jpg\",\"contentUrl\":\"https:\/\/mindo.gob.ec\/pichincha\/wp-content\/uploads\/2020\/06\/82518307_162686865005447_4669087998640390144_o.jpg\",\"width\":960,\"height\":960,\"caption\":\"GAD Parroquial de Mindo\"},\"image\":{\"@id\":\"https:\/\/mindo.gob.ec\/pichincha\/#\/schema\/logo\/image\/\"}},{\"@type\":\"Person\",\"@id\":\"https:\/\/mindo.gob.ec\/pichincha\/#\/schema\/person\/9394ba4b25d90eed85d3e15afe3416c8\",\"name\":\"amindo\",\"image\":{\"@type\":\"ImageObject\",\"inLanguage\":\"es\",\"@id\":\"https:\/\/mindo.gob.ec\/pichincha\/#\/schema\/person\/image\/\",\"url\":\"https:\/\/secure.gravatar.com\/avatar\/b7ceb8d4252728c0b1d1cd3b9cad0763b9c634e606648daa884e5ee6d60d6ebc?s=96&d=mm&r=g\",\"contentUrl\":\"https:\/\/secure.gravatar.com\/avatar\/b7ceb8d4252728c0b1d1cd3b9cad0763b9c634e606648daa884e5ee6d60d6ebc?s=96&d=mm&r=g\",\"caption\":\"amindo\"},\"url\":\"https:\/\/mindo.gob.ec\/pichincha\/author\/amindo\/\"}]}<\/script>\n<!-- \/ Yoast SEO plugin. -->","yoast_head_json":{"title":"C\u00f3mo Llegar? - GAD Parroquial de Mindo","robots":{"index":"index","follow":"follow","max-snippet":"max-snippet:-1","max-image-preview":"max-image-preview:large","max-video-preview":"max-video-preview:-1"},"canonical":"https:\/\/mindo.gob.ec\/pichincha\/como-llegar\/","og_locale":"es_ES","og_type":"article","og_title":"C\u00f3mo Llegar? - GAD Parroquial de Mindo","og_description":"C\u00f3mo Llegar? La parroquia se encuentra atravesada por la v\u00eda Calacal\u00ed \u2013 La Independencia, misma que facilita el tr\u00e1nsito de turistas nacionales y extranjeros; desde el intercambiador de Carapungo hasta la v\u00eda de ingreso a Mindo se encuentra a una distancia aproximada de 81 Km con un tiempo de viaje de 1 h 30 min, [&hellip;]","og_url":"https:\/\/mindo.gob.ec\/pichincha\/como-llegar\/","og_site_name":"GAD Parroquial de Mindo","article_published_time":"2015-02-20T03:26:03+00:00","article_modified_time":"2025-10-29T12:48:44+00:00","author":"amindo","twitter_card":"summary_large_image","twitter_misc":{"Escrito por":"amindo","Tiempo de lectura":"6 minutos"},"schema":{"@context":"https:\/\/schema.org","@graph":[{"@type":"Article","@id":"https:\/\/mindo.gob.ec\/pichincha\/como-llegar\/#article","isPartOf":{"@id":"https:\/\/mindo.gob.ec\/pichincha\/como-llegar\/"},"author":{"name":"amindo","@id":"https:\/\/mindo.gob.ec\/pichincha\/#\/schema\/person\/9394ba4b25d90eed85d3e15afe3416c8"},"headline":"C\u00f3mo Llegar?","datePublished":"2015-02-20T03:26:03+00:00","dateModified":"2025-10-29T12:48:44+00:00","mainEntityOfPage":{"@id":"https:\/\/mindo.gob.ec\/pichincha\/como-llegar\/"},"wordCount":823,"publisher":{"@id":"https:\/\/mindo.gob.ec\/pichincha\/#organization"},"inLanguage":"es"},{"@type":"WebPage","@id":"https:\/\/mindo.gob.ec\/pichincha\/como-llegar\/","url":"https:\/\/mindo.gob.ec\/pichincha\/como-llegar\/","name":"C\u00f3mo Llegar? - GAD Parroquial de Mindo","isPartOf":{"@id":"https:\/\/mindo.gob.ec\/pichincha\/#website"},"datePublished":"2015-02-20T03:26:03+00:00","dateModified":"2025-10-29T12:48:44+00:00","breadcrumb":{"@id":"https:\/\/mindo.gob.ec\/pichincha\/como-llegar\/#breadcrumb"},"inLanguage":"es","potentialAction":[{"@type":"ReadAction","target":["https:\/\/mindo.gob.ec\/pichincha\/como-llegar\/"]}]},{"@type":"BreadcrumbList","@id":"https:\/\/mindo.gob.ec\/pichincha\/como-llegar\/#breadcrumb","itemListElement":[{"@type":"ListItem","position":1,"name":"Home","item":"https:\/\/mindo.gob.ec\/pichincha\/"},{"@type":"ListItem","position":2,"name":"C\u00f3mo Llegar?"}]},{"@type":"WebSite","@id":"https:\/\/mindo.gob.ec\/pichincha\/#website","url":"https:\/\/mindo.gob.ec\/pichincha\/","name":"GAD Parroquial de Mindo","description":"Sitio Oficial del GAD Mindo","publisher":{"@id":"https:\/\/mindo.gob.ec\/pichincha\/#organization"},"potentialAction":[{"@type":"SearchAction","target":{"@type":"EntryPoint","urlTemplate":"https:\/\/mindo.gob.ec\/pichincha\/?s={search_term_string}"},"query-input":"required name=search_term_string"}],"inLanguage":"es"},{"@type":"Organization","@id":"https:\/\/mindo.gob.ec\/pichincha\/#organization","name":"GAD Parroquial de Mindo","url":"https:\/\/mindo.gob.ec\/pichincha\/","logo":{"@type":"ImageObject","inLanguage":"es","@id":"https:\/\/mindo.gob.ec\/pichincha\/#\/schema\/logo\/image\/","url":"https:\/\/mindo.gob.ec\/pichincha\/wp-content\/uploads\/2020\/06\/82518307_162686865005447_4669087998640390144_o.jpg","contentUrl":"https:\/\/mindo.gob.ec\/pichincha\/wp-content\/uploads\/2020\/06\/82518307_162686865005447_4669087998640390144_o.jpg","width":960,"height":960,"caption":"GAD Parroquial de Mindo"},"image":{"@id":"https:\/\/mindo.gob.ec\/pichincha\/#\/schema\/logo\/image\/"}},{"@type":"Person","@id":"https:\/\/mindo.gob.ec\/pichincha\/#\/schema\/person\/9394ba4b25d90eed85d3e15afe3416c8","name":"amindo","image":{"@type":"ImageObject","inLanguage":"es","@id":"https:\/\/mindo.gob.ec\/pichincha\/#\/schema\/person\/image\/","url":"https:\/\/secure.gravatar.com\/avatar\/b7ceb8d4252728c0b1d1cd3b9cad0763b9c634e606648daa884e5ee6d60d6ebc?s=96&d=mm&r=g","contentUrl":"https:\/\/secure.gravatar.com\/avatar\/b7ceb8d4252728c0b1d1cd3b9cad0763b9c634e606648daa884e5ee6d60d6ebc?s=96&d=mm&r=g","caption":"amindo"},"url":"https:\/\/mindo.gob.ec\/pichincha\/author\/amindo\/"}]}},"_links":{"self":[{"href":"https:\/\/mindo.gob.ec\/pichincha\/wp-json\/wp\/v2\/posts\/128","targetHints":{"allow":["GET"]}}],"collection":[{"href":"https:\/\/mindo.gob.ec\/pichincha\/wp-json\/wp\/v2\/posts"}],"about":[{"href":"https:\/\/mindo.gob.ec\/pichincha\/wp-json\/wp\/v2\/types\/post"}],"author":[{"embeddable":true,"href":"https:\/\/mindo.gob.ec\/pichincha\/wp-json\/wp\/v2\/users\/4"}],"replies":[{"embeddable":true,"href":"https:\/\/mindo.gob.ec\/pichincha\/wp-json\/wp\/v2\/comments?post=128"}],"version-history":[{"count":4,"href":"https:\/\/mindo.gob.ec\/pichincha\/wp-json\/wp\/v2\/posts\/128\/revisions"}],"predecessor-version":[{"id":2641,"href":"https:\/\/mindo.gob.ec\/pichincha\/wp-json\/wp\/v2\/posts\/128\/revisions\/2641"}],"wp:attachment":[{"href":"https:\/\/mindo.gob.ec\/pichincha\/wp-json\/wp\/v2\/media?parent=128"}],"wp:term":[{"taxonomy":"category","embeddable":true,"href":"https:\/\/mindo.gob.ec\/pichincha\/wp-json\/wp\/v2\/categories?post=128"},{"taxonomy":"post_tag","embeddable":true,"href":"https:\/\/mindo.gob.ec\/pichincha\/wp-json\/wp\/v2\/tags?post=128"}],"curies":[{"name":"wp","href":"https:\/\/api.w.org\/{rel}","templated":true}]}}