{"id":130,"date":"2015-02-19T23:26:28","date_gmt":"2015-02-20T03:26:28","guid":{"rendered":"http:\/\/gadparroquialsanjuan.gob.ec\/azuay\/?p=130"},"modified":"2026-03-24T13:31:48","modified_gmt":"2026-03-24T17:31:48","slug":"organico-funcional","status":"publish","type":"post","link":"https:\/\/mindo.gob.ec\/pichincha\/organico-funcional\/","title":{"rendered":"Org\u00e1nico Funcional"},"content":{"rendered":"<p>El Gobierno Aut\u00f3nomo Descentralizado Parroquial Rural de Mindo cuenta con una estructura org\u00e1nico-funcional dise\u00f1ada para garantizar una gesti\u00f3n eficiente, participativa y orientada al desarrollo integral del territorio; este modelo organizativo establece de manera clara los niveles de autoridad, responsabilidades y competencias de cada una de las \u00e1reas que conforman la instituci\u00f3n, permitiendo una adecuada articulaci\u00f3n entre los procesos administrativos, financieros y comunitarios.<\/p>\n<p>El org\u00e1nico funcional del GAD Parroquial de Mindo promueve principios de transparencia, eficiencia, corresponsabilidad y participaci\u00f3n ciudadana, fortaleciendo la gesti\u00f3n p\u00fablica desde el territorio y asegurando una atenci\u00f3n oportuna a las necesidades de la poblaci\u00f3n.<\/p>\n<p>De esta manera, se consolida una instituci\u00f3n comprometida con el bienestar colectivo, el desarrollo y la construcci\u00f3n de una parroquia m\u00e1s inclusiva y organizada.<\/p>\n<p><a href=\"https:\/\/mindo.gob.ec\/pichincha\/wp-content\/uploads\/2015\/02\/ORGANICO-FUNCIONAL-2023-2027-MINDO-REFORMADO-OK.pdf\">ORGANICO FUNCIONAL 2023-2027 MINDO REFORMADO OK\u00a0<\/a><\/p>\n<hr \/>\n<div data-carousel-extra='{\"blog_id\":1,\"permalink\":\"https:\\\/\\\/mindo.gob.ec\\\/pichincha\\\/organico-funcional\\\/\"}' class=\"tiled-gallery type-rectangular\" data-original-width=\"720\"><div class=\"gallery-row\" style=\"width: 715px; height: 316px;\"><div class=\"gallery-group images-1\" style=\"width: 477px; height: 320px;\"><div class=\"tiled-gallery-item tiled-gallery-item-large\"><a href=\"https:\/\/mindo.gob.ec\/pichincha\/organico-funcional\/img_9230-mejorado-nr-2\/#main\"><img loading=\"lazy\" decoding=\"async\" data-attachment-id=\"3956\" data-orig-file=\"https:\/\/mindo.gob.ec\/pichincha\/wp-content\/uploads\/2015\/02\/IMG_9230-Mejorado-NR.jpg\" data-orig-size=\"1620,1080\" data-comments-opened=\"0\" data-image-meta=\"{&quot;aperture&quot;:&quot;6.3&quot;,&quot;credit&quot;:&quot;&quot;,&quot;camera&quot;:&quot;Canon EOS Rebel T7i&quot;,&quot;caption&quot;:&quot;&quot;,&quot;created_timestamp&quot;:&quot;1747908812&quot;,&quot;copyright&quot;:&quot;&quot;,&quot;focal_length&quot;:&quot;55&quot;,&quot;iso&quot;:&quot;100&quot;,&quot;shutter_speed&quot;:&quot;0.003125&quot;,&quot;title&quot;:&quot;&quot;,&quot;orientation&quot;:&quot;0&quot;}\" data-image-title=\"IMG_9230-Mejorado-NR\" data-image-description=\"\" data-medium-file=\"https:\/\/mindo.gob.ec\/pichincha\/wp-content\/uploads\/2015\/02\/IMG_9230-Mejorado-NR-550x367.jpg\" data-large-file=\"https:\/\/mindo.gob.ec\/pichincha\/wp-content\/uploads\/2015\/02\/IMG_9230-Mejorado-NR-1024x683.jpg\" src=\"https:\/\/mindo.gob.ec\/pichincha\/wp-content\/uploads\/2015\/02\/IMG_9230-Mejorado-NR-473x316.jpg\" width=\"473\" height=\"316\" align=\"left\" title=\"IMG_9230-Mejorado-NR\" \/><\/a><\/div><\/div><div class=\"gallery-group images-2\" style=\"width: 238px; height: 320px;\"><div class=\"tiled-gallery-item tiled-gallery-item-small\"><a href=\"https:\/\/mindo.gob.ec\/pichincha\/organico-funcional\/img_9937-mejorado-nr\/#main\"><img loading=\"lazy\" decoding=\"async\" data-attachment-id=\"3957\" data-orig-file=\"https:\/\/mindo.gob.ec\/pichincha\/wp-content\/uploads\/2015\/02\/IMG_9937-Mejorado-NR.jpg\" data-orig-size=\"1620,1080\" data-comments-opened=\"0\" data-image-meta=\"{&quot;aperture&quot;:&quot;8&quot;,&quot;credit&quot;:&quot;&quot;,&quot;camera&quot;:&quot;Canon EOS Rebel T7i&quot;,&quot;caption&quot;:&quot;&quot;,&quot;created_timestamp&quot;:&quot;1749635262&quot;,&quot;copyright&quot;:&quot;&quot;,&quot;focal_length&quot;:&quot;49&quot;,&quot;iso&quot;:&quot;400&quot;,&quot;shutter_speed&quot;:&quot;0.0015625&quot;,&quot;title&quot;:&quot;&quot;,&quot;orientation&quot;:&quot;0&quot;}\" data-image-title=\"IMG_9937-Mejorado-NR\" data-image-description=\"\" data-medium-file=\"https:\/\/mindo.gob.ec\/pichincha\/wp-content\/uploads\/2015\/02\/IMG_9937-Mejorado-NR-550x367.jpg\" data-large-file=\"https:\/\/mindo.gob.ec\/pichincha\/wp-content\/uploads\/2015\/02\/IMG_9937-Mejorado-NR-1024x683.jpg\" src=\"https:\/\/mindo.gob.ec\/pichincha\/wp-content\/uploads\/2015\/02\/IMG_9937-Mejorado-NR-234x156.jpg\" width=\"234\" height=\"156\" align=\"left\" title=\"IMG_9937-Mejorado-NR\" \/><\/a><\/div><div class=\"tiled-gallery-item tiled-gallery-item-small\"><a href=\"https:\/\/mindo.gob.ec\/pichincha\/organico-funcional\/img_9938-mejorado-nr\/#main\"><img loading=\"lazy\" decoding=\"async\" data-attachment-id=\"3958\" data-orig-file=\"https:\/\/mindo.gob.ec\/pichincha\/wp-content\/uploads\/2015\/02\/IMG_9938-Mejorado-NR.jpg\" data-orig-size=\"1620,1080\" data-comments-opened=\"0\" data-image-meta=\"{&quot;aperture&quot;:&quot;8&quot;,&quot;credit&quot;:&quot;&quot;,&quot;camera&quot;:&quot;Canon EOS Rebel T7i&quot;,&quot;caption&quot;:&quot;&quot;,&quot;created_timestamp&quot;:&quot;1749635289&quot;,&quot;copyright&quot;:&quot;&quot;,&quot;focal_length&quot;:&quot;55&quot;,&quot;iso&quot;:&quot;800&quot;,&quot;shutter_speed&quot;:&quot;0.0015625&quot;,&quot;title&quot;:&quot;&quot;,&quot;orientation&quot;:&quot;0&quot;}\" data-image-title=\"IMG_9938-Mejorado-NR\" data-image-description=\"\" data-medium-file=\"https:\/\/mindo.gob.ec\/pichincha\/wp-content\/uploads\/2015\/02\/IMG_9938-Mejorado-NR-550x367.jpg\" data-large-file=\"https:\/\/mindo.gob.ec\/pichincha\/wp-content\/uploads\/2015\/02\/IMG_9938-Mejorado-NR-1024x683.jpg\" src=\"https:\/\/mindo.gob.ec\/pichincha\/wp-content\/uploads\/2015\/02\/IMG_9938-Mejorado-NR-234x156.jpg\" width=\"234\" height=\"156\" align=\"left\" title=\"IMG_9938-Mejorado-NR\" \/><\/a><\/div><\/div><\/div><div class=\"gallery-row\" style=\"width: 715px; height: 474px;\"><div class=\"gallery-group images-1\" style=\"width: 715px; height: 478px;\"><div class=\"tiled-gallery-item tiled-gallery-item-large\"><a href=\"https:\/\/mindo.gob.ec\/pichincha\/organico-funcional\/mindo-2-2\/#main\"><img loading=\"lazy\" decoding=\"async\" data-attachment-id=\"3959\" data-orig-file=\"https:\/\/mindo.gob.ec\/pichincha\/wp-content\/uploads\/2015\/02\/MINDO-2-1.jpg\" data-orig-size=\"1620,1080\" data-comments-opened=\"0\" data-image-meta=\"{&quot;aperture&quot;:&quot;5.6&quot;,&quot;credit&quot;:&quot;&quot;,&quot;camera&quot;:&quot;Canon EOS Rebel T7i&quot;,&quot;caption&quot;:&quot;&quot;,&quot;created_timestamp&quot;:&quot;1747303331&quot;,&quot;copyright&quot;:&quot;&quot;,&quot;focal_length&quot;:&quot;55&quot;,&quot;iso&quot;:&quot;100&quot;,&quot;shutter_speed&quot;:&quot;0.004&quot;,&quot;title&quot;:&quot;&quot;,&quot;orientation&quot;:&quot;0&quot;}\" data-image-title=\"MINDO 2\" data-image-description=\"\" data-medium-file=\"https:\/\/mindo.gob.ec\/pichincha\/wp-content\/uploads\/2015\/02\/MINDO-2-1-550x367.jpg\" data-large-file=\"https:\/\/mindo.gob.ec\/pichincha\/wp-content\/uploads\/2015\/02\/MINDO-2-1-1024x683.jpg\" src=\"https:\/\/mindo.gob.ec\/pichincha\/wp-content\/uploads\/2015\/02\/MINDO-2-1-711x474.jpg\" width=\"711\" height=\"474\" align=\"left\" title=\"MINDO 2\" \/><\/a><\/div><\/div><\/div><\/div>\n","protected":false},"excerpt":{"rendered":"<p>El Gobierno Aut\u00f3nomo Descentralizado Parroquial Rural de Mindo cuenta con una estructura org\u00e1nico-funcional dise\u00f1ada para garantizar una gesti\u00f3n eficiente, participativa y orientada al desarrollo integral del territorio; este modelo organizativo establece de manera clara los niveles de autoridad, responsabilidades y competencias de cada una de las \u00e1reas que conforman la instituci\u00f3n, permitiendo una adecuada articulaci\u00f3n [&hellip;]<\/p>\n","protected":false},"author":4,"featured_media":0,"comment_status":"closed","ping_status":"closed","sticky":false,"template":"","format":"standard","meta":{"footnotes":""},"categories":[1],"tags":[],"class_list":["post-130","post","type-post","status-publish","format-standard","hentry","category-sin-categoria"],"yoast_head":"<!-- This site is optimized with the Yoast SEO plugin v20.3 - https:\/\/yoast.com\/wordpress\/plugins\/seo\/ -->\n<title>Org\u00e1nico Funcional - GAD Parroquial de Mindo<\/title>\n<meta name=\"robots\" content=\"index, follow, max-snippet:-1, max-image-preview:large, max-video-preview:-1\" \/>\n<link rel=\"canonical\" href=\"https:\/\/mindo.gob.ec\/pichincha\/organico-funcional\/\" \/>\n<meta property=\"og:locale\" content=\"es_ES\" \/>\n<meta property=\"og:type\" content=\"article\" \/>\n<meta property=\"og:title\" content=\"Org\u00e1nico Funcional - GAD Parroquial de Mindo\" \/>\n<meta property=\"og:description\" content=\"El Gobierno Aut\u00f3nomo Descentralizado Parroquial Rural de Mindo cuenta con una estructura org\u00e1nico-funcional dise\u00f1ada para garantizar una gesti\u00f3n eficiente, participativa y orientada al desarrollo integral del territorio; este modelo organizativo establece de manera clara los niveles de autoridad, responsabilidades y competencias de cada una de las \u00e1reas que conforman la instituci\u00f3n, permitiendo una adecuada articulaci\u00f3n [&hellip;]\" \/>\n<meta property=\"og:url\" content=\"https:\/\/mindo.gob.ec\/pichincha\/organico-funcional\/\" \/>\n<meta property=\"og:site_name\" content=\"GAD Parroquial de Mindo\" \/>\n<meta property=\"article:published_time\" content=\"2015-02-20T03:26:28+00:00\" \/>\n<meta property=\"article:modified_time\" content=\"2026-03-24T17:31:48+00:00\" \/>\n<meta property=\"og:image\" content=\"https:\/\/mindo.gob.ec\/pichincha\/wp-content\/uploads\/2015\/02\/IMG_9230-Mejorado-NR-473x316.jpg\" \/>\n<meta name=\"author\" content=\"amindo\" \/>\n<meta name=\"twitter:card\" content=\"summary_large_image\" \/>\n<meta name=\"twitter:label1\" content=\"Escrito por\" \/>\n\t<meta name=\"twitter:data1\" content=\"amindo\" \/>\n\t<meta name=\"twitter:label2\" content=\"Tiempo de lectura\" \/>\n\t<meta name=\"twitter:data2\" content=\"1 minuto\" \/>\n<script type=\"application\/ld+json\" class=\"yoast-schema-graph\">{\"@context\":\"https:\/\/schema.org\",\"@graph\":[{\"@type\":\"Article\",\"@id\":\"https:\/\/mindo.gob.ec\/pichincha\/organico-funcional\/#article\",\"isPartOf\":{\"@id\":\"https:\/\/mindo.gob.ec\/pichincha\/organico-funcional\/\"},\"author\":{\"name\":\"amindo\",\"@id\":\"https:\/\/mindo.gob.ec\/pichincha\/#\/schema\/person\/9394ba4b25d90eed85d3e15afe3416c8\"},\"headline\":\"Org\u00e1nico Funcional\",\"datePublished\":\"2015-02-20T03:26:28+00:00\",\"dateModified\":\"2026-03-24T17:31:48+00:00\",\"mainEntityOfPage\":{\"@id\":\"https:\/\/mindo.gob.ec\/pichincha\/organico-funcional\/\"},\"wordCount\":154,\"publisher\":{\"@id\":\"https:\/\/mindo.gob.ec\/pichincha\/#organization\"},\"inLanguage\":\"es\"},{\"@type\":\"WebPage\",\"@id\":\"https:\/\/mindo.gob.ec\/pichincha\/organico-funcional\/\",\"url\":\"https:\/\/mindo.gob.ec\/pichincha\/organico-funcional\/\",\"name\":\"Org\u00e1nico Funcional - GAD Parroquial de Mindo\",\"isPartOf\":{\"@id\":\"https:\/\/mindo.gob.ec\/pichincha\/#website\"},\"datePublished\":\"2015-02-20T03:26:28+00:00\",\"dateModified\":\"2026-03-24T17:31:48+00:00\",\"breadcrumb\":{\"@id\":\"https:\/\/mindo.gob.ec\/pichincha\/organico-funcional\/#breadcrumb\"},\"inLanguage\":\"es\",\"potentialAction\":[{\"@type\":\"ReadAction\",\"target\":[\"https:\/\/mindo.gob.ec\/pichincha\/organico-funcional\/\"]}]},{\"@type\":\"BreadcrumbList\",\"@id\":\"https:\/\/mindo.gob.ec\/pichincha\/organico-funcional\/#breadcrumb\",\"itemListElement\":[{\"@type\":\"ListItem\",\"position\":1,\"name\":\"Home\",\"item\":\"https:\/\/mindo.gob.ec\/pichincha\/\"},{\"@type\":\"ListItem\",\"position\":2,\"name\":\"Org\u00e1nico Funcional\"}]},{\"@type\":\"WebSite\",\"@id\":\"https:\/\/mindo.gob.ec\/pichincha\/#website\",\"url\":\"https:\/\/mindo.gob.ec\/pichincha\/\",\"name\":\"GAD Parroquial de Mindo\",\"description\":\"Sitio Oficial del GAD Mindo\",\"publisher\":{\"@id\":\"https:\/\/mindo.gob.ec\/pichincha\/#organization\"},\"potentialAction\":[{\"@type\":\"SearchAction\",\"target\":{\"@type\":\"EntryPoint\",\"urlTemplate\":\"https:\/\/mindo.gob.ec\/pichincha\/?s={search_term_string}\"},\"query-input\":\"required name=search_term_string\"}],\"inLanguage\":\"es\"},{\"@type\":\"Organization\",\"@id\":\"https:\/\/mindo.gob.ec\/pichincha\/#organization\",\"name\":\"GAD Parroquial de Mindo\",\"url\":\"https:\/\/mindo.gob.ec\/pichincha\/\",\"logo\":{\"@type\":\"ImageObject\",\"inLanguage\":\"es\",\"@id\":\"https:\/\/mindo.gob.ec\/pichincha\/#\/schema\/logo\/image\/\",\"url\":\"https:\/\/mindo.gob.ec\/pichincha\/wp-content\/uploads\/2020\/06\/82518307_162686865005447_4669087998640390144_o.jpg\",\"contentUrl\":\"https:\/\/mindo.gob.ec\/pichincha\/wp-content\/uploads\/2020\/06\/82518307_162686865005447_4669087998640390144_o.jpg\",\"width\":960,\"height\":960,\"caption\":\"GAD Parroquial de Mindo\"},\"image\":{\"@id\":\"https:\/\/mindo.gob.ec\/pichincha\/#\/schema\/logo\/image\/\"}},{\"@type\":\"Person\",\"@id\":\"https:\/\/mindo.gob.ec\/pichincha\/#\/schema\/person\/9394ba4b25d90eed85d3e15afe3416c8\",\"name\":\"amindo\",\"image\":{\"@type\":\"ImageObject\",\"inLanguage\":\"es\",\"@id\":\"https:\/\/mindo.gob.ec\/pichincha\/#\/schema\/person\/image\/\",\"url\":\"https:\/\/secure.gravatar.com\/avatar\/b7ceb8d4252728c0b1d1cd3b9cad0763b9c634e606648daa884e5ee6d60d6ebc?s=96&d=mm&r=g\",\"contentUrl\":\"https:\/\/secure.gravatar.com\/avatar\/b7ceb8d4252728c0b1d1cd3b9cad0763b9c634e606648daa884e5ee6d60d6ebc?s=96&d=mm&r=g\",\"caption\":\"amindo\"},\"url\":\"https:\/\/mindo.gob.ec\/pichincha\/author\/amindo\/\"}]}<\/script>\n<!-- \/ Yoast SEO plugin. -->","yoast_head_json":{"title":"Org\u00e1nico Funcional - GAD Parroquial de Mindo","robots":{"index":"index","follow":"follow","max-snippet":"max-snippet:-1","max-image-preview":"max-image-preview:large","max-video-preview":"max-video-preview:-1"},"canonical":"https:\/\/mindo.gob.ec\/pichincha\/organico-funcional\/","og_locale":"es_ES","og_type":"article","og_title":"Org\u00e1nico Funcional - GAD Parroquial de Mindo","og_description":"El Gobierno Aut\u00f3nomo Descentralizado Parroquial Rural de Mindo cuenta con una estructura org\u00e1nico-funcional dise\u00f1ada para garantizar una gesti\u00f3n eficiente, participativa y orientada al desarrollo integral del territorio; este modelo organizativo establece de manera clara los niveles de autoridad, responsabilidades y competencias de cada una de las \u00e1reas que conforman la instituci\u00f3n, permitiendo una adecuada articulaci\u00f3n [&hellip;]","og_url":"https:\/\/mindo.gob.ec\/pichincha\/organico-funcional\/","og_site_name":"GAD Parroquial de Mindo","article_published_time":"2015-02-20T03:26:28+00:00","article_modified_time":"2026-03-24T17:31:48+00:00","og_image":[{"url":"https:\/\/mindo.gob.ec\/pichincha\/wp-content\/uploads\/2015\/02\/IMG_9230-Mejorado-NR-473x316.jpg"}],"author":"amindo","twitter_card":"summary_large_image","twitter_misc":{"Escrito por":"amindo","Tiempo de lectura":"1 minuto"},"schema":{"@context":"https:\/\/schema.org","@graph":[{"@type":"Article","@id":"https:\/\/mindo.gob.ec\/pichincha\/organico-funcional\/#article","isPartOf":{"@id":"https:\/\/mindo.gob.ec\/pichincha\/organico-funcional\/"},"author":{"name":"amindo","@id":"https:\/\/mindo.gob.ec\/pichincha\/#\/schema\/person\/9394ba4b25d90eed85d3e15afe3416c8"},"headline":"Org\u00e1nico Funcional","datePublished":"2015-02-20T03:26:28+00:00","dateModified":"2026-03-24T17:31:48+00:00","mainEntityOfPage":{"@id":"https:\/\/mindo.gob.ec\/pichincha\/organico-funcional\/"},"wordCount":154,"publisher":{"@id":"https:\/\/mindo.gob.ec\/pichincha\/#organization"},"inLanguage":"es"},{"@type":"WebPage","@id":"https:\/\/mindo.gob.ec\/pichincha\/organico-funcional\/","url":"https:\/\/mindo.gob.ec\/pichincha\/organico-funcional\/","name":"Org\u00e1nico Funcional - GAD Parroquial de Mindo","isPartOf":{"@id":"https:\/\/mindo.gob.ec\/pichincha\/#website"},"datePublished":"2015-02-20T03:26:28+00:00","dateModified":"2026-03-24T17:31:48+00:00","breadcrumb":{"@id":"https:\/\/mindo.gob.ec\/pichincha\/organico-funcional\/#breadcrumb"},"inLanguage":"es","potentialAction":[{"@type":"ReadAction","target":["https:\/\/mindo.gob.ec\/pichincha\/organico-funcional\/"]}]},{"@type":"BreadcrumbList","@id":"https:\/\/mindo.gob.ec\/pichincha\/organico-funcional\/#breadcrumb","itemListElement":[{"@type":"ListItem","position":1,"name":"Home","item":"https:\/\/mindo.gob.ec\/pichincha\/"},{"@type":"ListItem","position":2,"name":"Org\u00e1nico Funcional"}]},{"@type":"WebSite","@id":"https:\/\/mindo.gob.ec\/pichincha\/#website","url":"https:\/\/mindo.gob.ec\/pichincha\/","name":"GAD Parroquial de Mindo","description":"Sitio Oficial del GAD Mindo","publisher":{"@id":"https:\/\/mindo.gob.ec\/pichincha\/#organization"},"potentialAction":[{"@type":"SearchAction","target":{"@type":"EntryPoint","urlTemplate":"https:\/\/mindo.gob.ec\/pichincha\/?s={search_term_string}"},"query-input":"required name=search_term_string"}],"inLanguage":"es"},{"@type":"Organization","@id":"https:\/\/mindo.gob.ec\/pichincha\/#organization","name":"GAD Parroquial de Mindo","url":"https:\/\/mindo.gob.ec\/pichincha\/","logo":{"@type":"ImageObject","inLanguage":"es","@id":"https:\/\/mindo.gob.ec\/pichincha\/#\/schema\/logo\/image\/","url":"https:\/\/mindo.gob.ec\/pichincha\/wp-content\/uploads\/2020\/06\/82518307_162686865005447_4669087998640390144_o.jpg","contentUrl":"https:\/\/mindo.gob.ec\/pichincha\/wp-content\/uploads\/2020\/06\/82518307_162686865005447_4669087998640390144_o.jpg","width":960,"height":960,"caption":"GAD Parroquial de Mindo"},"image":{"@id":"https:\/\/mindo.gob.ec\/pichincha\/#\/schema\/logo\/image\/"}},{"@type":"Person","@id":"https:\/\/mindo.gob.ec\/pichincha\/#\/schema\/person\/9394ba4b25d90eed85d3e15afe3416c8","name":"amindo","image":{"@type":"ImageObject","inLanguage":"es","@id":"https:\/\/mindo.gob.ec\/pichincha\/#\/schema\/person\/image\/","url":"https:\/\/secure.gravatar.com\/avatar\/b7ceb8d4252728c0b1d1cd3b9cad0763b9c634e606648daa884e5ee6d60d6ebc?s=96&d=mm&r=g","contentUrl":"https:\/\/secure.gravatar.com\/avatar\/b7ceb8d4252728c0b1d1cd3b9cad0763b9c634e606648daa884e5ee6d60d6ebc?s=96&d=mm&r=g","caption":"amindo"},"url":"https:\/\/mindo.gob.ec\/pichincha\/author\/amindo\/"}]}},"_links":{"self":[{"href":"https:\/\/mindo.gob.ec\/pichincha\/wp-json\/wp\/v2\/posts\/130","targetHints":{"allow":["GET"]}}],"collection":[{"href":"https:\/\/mindo.gob.ec\/pichincha\/wp-json\/wp\/v2\/posts"}],"about":[{"href":"https:\/\/mindo.gob.ec\/pichincha\/wp-json\/wp\/v2\/types\/post"}],"author":[{"embeddable":true,"href":"https:\/\/mindo.gob.ec\/pichincha\/wp-json\/wp\/v2\/users\/4"}],"replies":[{"embeddable":true,"href":"https:\/\/mindo.gob.ec\/pichincha\/wp-json\/wp\/v2\/comments?post=130"}],"version-history":[{"count":4,"href":"https:\/\/mindo.gob.ec\/pichincha\/wp-json\/wp\/v2\/posts\/130\/revisions"}],"predecessor-version":[{"id":3960,"href":"https:\/\/mindo.gob.ec\/pichincha\/wp-json\/wp\/v2\/posts\/130\/revisions\/3960"}],"wp:attachment":[{"href":"https:\/\/mindo.gob.ec\/pichincha\/wp-json\/wp\/v2\/media?parent=130"}],"wp:term":[{"taxonomy":"category","embeddable":true,"href":"https:\/\/mindo.gob.ec\/pichincha\/wp-json\/wp\/v2\/categories?post=130"},{"taxonomy":"post_tag","embeddable":true,"href":"https:\/\/mindo.gob.ec\/pichincha\/wp-json\/wp\/v2\/tags?post=130"}],"curies":[{"name":"wp","href":"https:\/\/api.w.org\/{rel}","templated":true}]}}